{"id":5553,"date":"2026-04-30T12:16:29","date_gmt":"2026-04-30T10:16:29","guid":{"rendered":"https:\/\/kbd.sk\/?p=5553"},"modified":"2026-04-30T12:16:29","modified_gmt":"2026-04-30T10:16:29","slug":"biblicke-stretnutia-v-trnave-a-bratislava","status":"publish","type":"post","link":"https:\/\/kbd.sk\/index.php\/novinky-a-aktuality\/biblicke-stretnutia-v-trnave-a-bratislava\/","title":{"rendered":"Biblick\u00e9 stretnutia v Trnave a Bratislava"},"content":{"rendered":"<div dir=\"ltr\">\n<div dir=\"ltr\">\n<p class=\"v1MsoNormal\"><img loading=\"lazy\" decoding=\"async\" class=\"wp-image-5554 alignright\" src=\"https:\/\/kbd.sk\/wp-content\/uploads\/2026\/04\/Biblicke-zeny-II-169x300.png\" alt=\"\" width=\"269\" height=\"477\" srcset=\"https:\/\/kbd.sk\/wp-content\/uploads\/2026\/04\/Biblicke-zeny-II-169x300.png 169w, https:\/\/kbd.sk\/wp-content\/uploads\/2026\/04\/Biblicke-zeny-II-576x1024.png 576w\" sizes=\"auto, (max-width: 269px) 100vw, 269px\" \/>Komunita sestier salezi\u00e1nok v Bratislave poz\u00fdva z\u00e1ujemcov na pravideln\u00e9 stretnutia nad Sv. p\u00edsmom &#8211; t\u00e9mou s\u00fa <strong>Biblick\u00e9 \u017eeny<\/strong>.<\/p>\n<p class=\"v1MsoNormal\">Stretnutia sa ka\u017ed\u00fa prv\u00fa nede\u013eu v mesiaci o <strong>16,00h<\/strong>. Najbli\u017e\u0161ie stretnutia sa uskuto\u010dnia:<\/p>\n<ul>\n<li class=\"v1MsoNormal\"><strong>3.m\u00e1ja<\/strong> (Kremnick\u00e9 ulica \u010d. 17)<\/li>\n<li class=\"v1MsoNormal\"><strong>7.j\u00fana<\/strong> (Kremnick\u00e1 ulica \u010d.17)<\/li>\n<\/ul>\n<p>Stretnutia s\u00fa otvoren\u00e9 pre verejnos\u0165, nie je potrebn\u00e1 registr\u00e1cia a vstup je vo\u013en\u00fd.<\/p>\n<\/div>\n<\/div>\n<p>&nbsp;<\/p>\n<p>&nbsp;<\/p>\n<div dir=\"ltr\">\n<div dir=\"ltr\">\n<p>Otvoren\u00e9 pre verejnos\u0165 s\u00fa aj stretnutia v <strong>Trnave vo farnosti Kop\u00e1nka<\/strong> ka\u017ed\u00fa prv\u00fa stredu v mesiaci\u00a0na t\u00e9mu: <strong>Ako si ob\u013e\u00fabi\u0165 Sv\u00e4t\u00e9 p\u00edsmo<\/strong>.<\/p>\n<\/div>\n<\/div>\n","protected":false},"excerpt":{"rendered":"<p>Komunita sestier salezi\u00e1nok v Bratislave poz\u00fdva z\u00e1ujemcov na pravideln\u00e9 stretnutia nad Sv. p\u00edsmom &#8211; t\u00e9mou s\u00fa Biblick\u00e9 \u017eeny. Stretnutia sa ka\u017ed\u00fa prv\u00fa nede\u013eu v mesiaci o 16,00h. Najbli\u017e\u0161ie stretnutia sa&#8230;<\/p>\n","protected":false},"author":4,"featured_media":5557,"comment_status":"closed","ping_status":"open","sticky":false,"template":"","format":"standard","meta":{"inline_featured_image":false,"footnotes":""},"categories":[29],"tags":[],"class_list":{"0":"post-5553","1":"post","2":"type-post","3":"status-publish","4":"format-standard","5":"has-post-thumbnail","7":"category-novinky-a-aktuality"},"_links":{"self":[{"href":"https:\/\/kbd.sk\/index.php\/wp-json\/wp\/v2\/posts\/5553","targetHints":{"allow":["GET"]}}],"collection":[{"href":"https:\/\/kbd.sk\/index.php\/wp-json\/wp\/v2\/posts"}],"about":[{"href":"https:\/\/kbd.sk\/index.php\/wp-json\/wp\/v2\/types\/post"}],"author":[{"embeddable":true,"href":"https:\/\/kbd.sk\/index.php\/wp-json\/wp\/v2\/users\/4"}],"replies":[{"embeddable":true,"href":"https:\/\/kbd.sk\/index.php\/wp-json\/wp\/v2\/comments?post=5553"}],"version-history":[{"count":2,"href":"https:\/\/kbd.sk\/index.php\/wp-json\/wp\/v2\/posts\/5553\/revisions"}],"predecessor-version":[{"id":5556,"href":"https:\/\/kbd.sk\/index.php\/wp-json\/wp\/v2\/posts\/5553\/revisions\/5556"}],"wp:featuredmedia":[{"embeddable":true,"href":"https:\/\/kbd.sk\/index.php\/wp-json\/wp\/v2\/media\/5557"}],"wp:attachment":[{"href":"https:\/\/kbd.sk\/index.php\/wp-json\/wp\/v2\/media?parent=5553"}],"wp:term":[{"taxonomy":"category","embeddable":true,"href":"https:\/\/kbd.sk\/index.php\/wp-json\/wp\/v2\/categories?post=5553"},{"taxonomy":"post_tag","embeddable":true,"href":"https:\/\/kbd.sk\/index.php\/wp-json\/wp\/v2\/tags?post=5553"}],"curies":[{"name":"wp","href":"https:\/\/api.w.org\/{rel}","templated":true}]}}