{"id":5548,"date":"2026-04-30T10:38:35","date_gmt":"2026-04-30T08:38:35","guid":{"rendered":"https:\/\/kbd.sk\/?p=5548"},"modified":"2026-04-30T11:40:24","modified_gmt":"2026-04-30T09:40:24","slug":"elias-plny-horlivosti","status":"publish","type":"post","link":"https:\/\/kbd.sk\/index.php\/novinky-a-aktuality\/elias-plny-horlivosti\/","title":{"rendered":"ELI\u00c1\u0160 \u2013 Pln\u00fd horlivosti"},"content":{"rendered":"<p>Publik\u00e1cia vznikla v kontexte jubilejn\u00e9ho roka 250. v\u00fdro\u010dia zalo\u017eenia Spi\u0161skej diec\u00e9zy, ktor\u00e9ho mottom je \u201e<strong>Pln\u00fd horlivosti za P\u00e1na<\/strong>&#8222;.\u00a0V\u00fdrok proroka Eli\u00e1\u0161a nie je len sloganom, ale cestou. Autor, biblick\u00fd teol\u00f3g D\u00e1vid Sklar\u010d\u00edk, na t\u00fato cestu poz\u00fdva \u010ditate\u013ea \u2013 je to pozvanie znovu objavi\u0165 Bo\u017eie p\u00f4sobenie v na\u0161om \u017eivote.<\/p>\n<p>Kniha vyrast\u00e1 z duchovn\u00fdch \u00favah nad prorokom Eli\u00e1\u0161om, osobitne nad dev\u00e4tn\u00e1stou kapitolou Prvej knihy kr\u00e1\u013eov (1 Kr 19).<\/p>\n<p>Nepok\u00fa\u0161a sa poda\u0165 technick\u00fd koment\u00e1r k biblick\u00e9mu textu. Jej cie\u013eom je po\u010d\u00fava\u0165 P\u00edsmo zvn\u00fatra: necha\u0165 sa n\u00edm vies\u0165, necha\u0165 sa n\u00edm znepokoji\u0165 a napokon sa n\u00edm necha\u0165 premeni\u0165.<\/p>\n<p>Eli\u00e1\u0161 b\u00fdva \u010dasto vn\u00edman\u00fd ako prorok oh\u0148a, z\u00e1pasu a nekompromisnej vernosti Bohu. V 1 Kr 19 v\u0161ak stret\u00e1vame Eli\u00e1\u0161a v \u00faplne inom svetle \u2013 nie ako proroka triumfu a moci, ale ako \u010dloveka vy\u010derpan\u00e9ho, vystra\u0161en\u00e9ho a vn\u00fatorne zlomen\u00e9ho. Pr\u00e1ve tu sa otv\u00e1ra jeden z najne\u017enej\u0161\u00edch biblick\u00fdch portr\u00e9tov Bo\u017eieho konania.<\/p>\n<p>Kni\u017eku si mo\u017eno zak\u00fapi\u0165 na e-shope:\u00a0<a href=\"http:\/\/dkuspis.sk\/\" target=\"_blank\" rel=\"noopener noreferrer\">dkuspis.sk<\/a>.<\/p>\n","protected":false},"excerpt":{"rendered":"<p>Publik\u00e1cia vznikla v kontexte jubilejn\u00e9ho roka 250. v\u00fdro\u010dia zalo\u017eenia Spi\u0161skej diec\u00e9zy, ktor\u00e9ho mottom je \u201ePln\u00fd horlivosti za P\u00e1na&#8222;.\u00a0V\u00fdrok proroka Eli\u00e1\u0161a nie je len sloganom, ale cestou. Autor, biblick\u00fd teol\u00f3g D\u00e1vid&#8230;<\/p>\n","protected":false},"author":4,"featured_media":5549,"comment_status":"closed","ping_status":"open","sticky":false,"template":"","format":"standard","meta":{"inline_featured_image":false,"footnotes":""},"categories":[29],"tags":[],"class_list":{"0":"post-5548","1":"post","2":"type-post","3":"status-publish","4":"format-standard","5":"has-post-thumbnail","7":"category-novinky-a-aktuality"},"_links":{"self":[{"href":"https:\/\/kbd.sk\/index.php\/wp-json\/wp\/v2\/posts\/5548","targetHints":{"allow":["GET"]}}],"collection":[{"href":"https:\/\/kbd.sk\/index.php\/wp-json\/wp\/v2\/posts"}],"about":[{"href":"https:\/\/kbd.sk\/index.php\/wp-json\/wp\/v2\/types\/post"}],"author":[{"embeddable":true,"href":"https:\/\/kbd.sk\/index.php\/wp-json\/wp\/v2\/users\/4"}],"replies":[{"embeddable":true,"href":"https:\/\/kbd.sk\/index.php\/wp-json\/wp\/v2\/comments?post=5548"}],"version-history":[{"count":1,"href":"https:\/\/kbd.sk\/index.php\/wp-json\/wp\/v2\/posts\/5548\/revisions"}],"predecessor-version":[{"id":5550,"href":"https:\/\/kbd.sk\/index.php\/wp-json\/wp\/v2\/posts\/5548\/revisions\/5550"}],"wp:featuredmedia":[{"embeddable":true,"href":"https:\/\/kbd.sk\/index.php\/wp-json\/wp\/v2\/media\/5549"}],"wp:attachment":[{"href":"https:\/\/kbd.sk\/index.php\/wp-json\/wp\/v2\/media?parent=5548"}],"wp:term":[{"taxonomy":"category","embeddable":true,"href":"https:\/\/kbd.sk\/index.php\/wp-json\/wp\/v2\/categories?post=5548"},{"taxonomy":"post_tag","embeddable":true,"href":"https:\/\/kbd.sk\/index.php\/wp-json\/wp\/v2\/tags?post=5548"}],"curies":[{"name":"wp","href":"https:\/\/api.w.org\/{rel}","templated":true}]}}