{"id":5449,"date":"2026-03-18T14:51:52","date_gmt":"2026-03-18T13:51:52","guid":{"rendered":"https:\/\/kbd.sk\/?p=5449"},"modified":"2026-03-18T14:52:25","modified_gmt":"2026-03-18T13:52:25","slug":"webinar-jonas-anatomia-pokania-v-ninive","status":"publish","type":"post","link":"https:\/\/kbd.sk\/index.php\/novinky-a-aktuality\/webinar-jonas-anatomia-pokania-v-ninive\/","title":{"rendered":"JON\u00c1\u0160 &#8211; Anat\u00f3mia pok\u00e1nia v Ninive"},"content":{"rendered":"<p>V pondelok 16.marca sme na Katol\u00edckom biblickom diele (KBD) pokra\u010dovali na spolo\u010dnej ceste duchovnej obnovy s prorokom Jon\u00e1\u0161om prostredn\u00edctvom p\u00f4stneho webin\u00e1ra. Ako v \u00favode uviedol riadite\u013e KBD ThLic. Ondrej \u010cukan a ako zaznelo aj v pozvan\u00ed predn\u00e1\u0161aj\u00faceho ThLic. D\u00e1vida Sklar\u010d\u00edka, nach\u00e1dzali sme sa presne v polovici, kde Jon\u00e1\u0161 dost\u00e1va druh\u00fa mo\u017enos\u0165 naplni\u0165 svoju misiu a poslanie.<\/p>\n<p>Spolo\u010dne s pribli\u017ene 200 \u00fa\u010dastn\u00edkmi sme vn\u00edmali Jon\u00e1\u0161a, ktor\u00fd sa nach\u00e1dza na s\u00fa\u0161i a sledovali, ako Jon\u00e1\u0161 reaguje, ke\u010f je v bezpe\u010dnom priestore, ke\u010f sa c\u00edti bezpe\u010dne. Kde Jon\u00e1\u0161 stoj\u00ed pred v\u00fdzvou vyrie\u0161i\u0165 si svoj vz\u0165ah k nepriate\u013eovi (vz\u0165ah s Bohom si vyrie\u0161il u\u017e v rybe), kde je povolan\u00fd kr\u00e1\u010da\u0165 a meni\u0165 svoje vn\u00fatro.<\/p>\n<p>Tretia kapitola knihy Jon\u00e1\u0161 tak vracia posluch\u00e1\u010da akoby na za\u010diatok, kde Jon\u00e1\u0161 nanovo po\u010duje: <strong>vsta\u0148, cho\u010f a volaj<\/strong>; kde je op\u00e4\u0165 badate\u013en\u00e1 r\u00e9torika ve\u013ekosti, <strong>kde sa Bo\u017eia v\u00f4\u013ea (povolanie) vracia dovtedy, k\u00fdm nezasiahne srdce \u010dloveka<\/strong>.<\/p>\n<p>Predn\u00e1\u0161aj\u00faci biblista, D\u00e1vid Sklar\u010d\u00edk, postupne sprev\u00e1dzal posluch\u00e1\u010dov, odha\u013eoval paradoxy a ir\u00f3niu textu, vykres\u013eoval postavu a charakter Jon\u00e1\u0161a, ktor\u00fd v porovnan\u00ed s ostatn\u00fdmi prorokmi Star\u00e9ho z\u00e1kona svoje poslanie, svoju misiu vykon\u00e1va ve\u013emi povrchne. No aj napriek tomu mu\u017eovia z Ninive uverili v Boha, obliekli sa do vrecoviny a \u010dinili pok\u00e1nie; prijali zvestovan\u00e9 posolstvo ako pravdiv\u00e9, bez ot\u00e1zok. Jazyk, ktor\u00fdm je kniha nap\u00edsan\u00e1 a konkr\u00e9tne slov\u00e1, ktor\u00fdch kontext a v\u00fdznam predn\u00e1\u0161aj\u00faci postupne odkr\u00fdval, jedine\u010dne ilustruj\u00fa ako je reakcia pohansk\u00e9ho mesta Ninive pov\u00fd\u0161en\u00e1 na \u00farove\u0148 najz\u00e1sadnej\u0161\u00edch udalost\u00ed formovania sveta a vyvolen\u00e9ho n\u00e1roda (op\u00edsan\u00e9 v Gn 1, Gn 6, Ex 2) &#8211; ka\u017ed\u00e1 premena, pok\u00e1nie, do ktor\u00e9ho \u010dlovek vstupuje m\u00e1 \u00farove\u0148 stvorenia, \u00farove\u0148 radik\u00e1lnej zmeny a \u00farove\u0148 exodu (vyvolenia).<\/p>\n<p>Podobne aj \u010das p\u00f4stu poz\u00fdva ka\u017ed\u00e9ho, aby sa zaodel pok\u00e1n\u00edm, aby prosil o odpustenie hriechov. Aby vn\u00edmal vlastn\u00e9 vn\u00fatro a to, \u010do je potrebn\u00e9 v \u0148om premeni\u0165. Podobne ako postavy v predlo\u017eenom texte, <strong>po\u010d\u00favaj pozvanie vr\u00e1ti\u0165 sa na miesto, kde si odbo\u010dil z cesty Desatora, vr\u00e1\u0165 sa na cestu, ktor\u00fa pre teba pripravil Boh, na cestu, po ktorej kr\u00e1\u010da\u0165 si pozvan\u00fd a veden\u00fd svojim Bohom.<\/strong><\/p>\n<p>&nbsp;<\/p>\n<p>P\u00f4stny webin\u00e1r pokra\u010duje 23. marca o 20:00 h prostredn\u00edctvom platformy ZOOM.<\/p>\n<p>Ste na\u0148 srde\u010dne pozvan\u00ed. Ak ste tak e\u0161te neurobili, prihl\u00e1si\u0165 sa m\u00f4\u017eete na: <a href=\"https:\/\/us06web.zoom.us\/webinar\/register\/WN_ftpHfclaQtW_JavZw6MN4A#\/registration\">Webin\u00e1r &#8211; prorok Jon\u00e1\u0161<\/a><\/p>\n","protected":false},"excerpt":{"rendered":"<p>V pondelok 16.marca sme na Katol\u00edckom biblickom diele (KBD) pokra\u010dovali na spolo\u010dnej ceste duchovnej obnovy s prorokom Jon\u00e1\u0161om prostredn\u00edctvom p\u00f4stneho webin\u00e1ra. Ako v \u00favode uviedol riadite\u013e KBD ThLic. Ondrej \u010cukan&#8230;<\/p>\n","protected":false},"author":4,"featured_media":5450,"comment_status":"closed","ping_status":"open","sticky":false,"template":"","format":"standard","meta":{"inline_featured_image":false,"footnotes":""},"categories":[29,47],"tags":[],"class_list":{"0":"post-5449","1":"post","2":"type-post","3":"status-publish","4":"format-standard","5":"has-post-thumbnail","7":"category-novinky-a-aktuality","8":"category-uskutocnene"},"_links":{"self":[{"href":"https:\/\/kbd.sk\/index.php\/wp-json\/wp\/v2\/posts\/5449","targetHints":{"allow":["GET"]}}],"collection":[{"href":"https:\/\/kbd.sk\/index.php\/wp-json\/wp\/v2\/posts"}],"about":[{"href":"https:\/\/kbd.sk\/index.php\/wp-json\/wp\/v2\/types\/post"}],"author":[{"embeddable":true,"href":"https:\/\/kbd.sk\/index.php\/wp-json\/wp\/v2\/users\/4"}],"replies":[{"embeddable":true,"href":"https:\/\/kbd.sk\/index.php\/wp-json\/wp\/v2\/comments?post=5449"}],"version-history":[{"count":2,"href":"https:\/\/kbd.sk\/index.php\/wp-json\/wp\/v2\/posts\/5449\/revisions"}],"predecessor-version":[{"id":5452,"href":"https:\/\/kbd.sk\/index.php\/wp-json\/wp\/v2\/posts\/5449\/revisions\/5452"}],"wp:featuredmedia":[{"embeddable":true,"href":"https:\/\/kbd.sk\/index.php\/wp-json\/wp\/v2\/media\/5450"}],"wp:attachment":[{"href":"https:\/\/kbd.sk\/index.php\/wp-json\/wp\/v2\/media?parent=5449"}],"wp:term":[{"taxonomy":"category","embeddable":true,"href":"https:\/\/kbd.sk\/index.php\/wp-json\/wp\/v2\/categories?post=5449"},{"taxonomy":"post_tag","embeddable":true,"href":"https:\/\/kbd.sk\/index.php\/wp-json\/wp\/v2\/tags?post=5449"}],"curies":[{"name":"wp","href":"https:\/\/api.w.org\/{rel}","templated":true}]}}