{"id":5437,"date":"2026-03-14T16:17:01","date_gmt":"2026-03-14T15:17:01","guid":{"rendered":"https:\/\/kbd.sk\/?p=5437"},"modified":"2026-03-16T13:35:56","modified_gmt":"2026-03-16T12:35:56","slug":"pomazany-kral","status":"publish","type":"post","link":"https:\/\/kbd.sk\/index.php\/novinky-a-aktuality\/pomazany-kral\/","title":{"rendered":"Pomazan\u00fd kr\u00e1\u013e"},"content":{"rendered":"<p>&nbsp;<\/p>\n<p>Mision\u00e1ri verbisti pon\u00fakaj\u00fa po\u010das &#8222;kvetn\u00e9ho v\u00edkendu&#8220; biblick\u00fa duchovn\u00fa obnovu,<\/p>\n<p>zameran\u00fa na o\u017eivenie kr\u00e1\u013eovsk\u00e9ho pomazania, ktor\u00e9 smeprijali pri krste.<\/p>\n<p>Akcia je ur\u010den\u00e1 pre mlad\u00fdch slobodn\u00fdch mu\u017eov vo veku od 19 do 33 rokov.<\/p>\n<p>Pr\u00edspevok za obnovu je dobrovo\u013en\u00fd.<\/p>\n<p><img loading=\"lazy\" decoding=\"async\" class=\"wp-image-5438 alignright\" src=\"https:\/\/kbd.sk\/wp-content\/uploads\/2026\/03\/Pomazany_kral_2026-212x300.jpg\" alt=\"\" width=\"348\" height=\"492\" srcset=\"https:\/\/kbd.sk\/wp-content\/uploads\/2026\/03\/Pomazany_kral_2026-212x300.jpg 212w, https:\/\/kbd.sk\/wp-content\/uploads\/2026\/03\/Pomazany_kral_2026-724x1024.jpg 724w, https:\/\/kbd.sk\/wp-content\/uploads\/2026\/03\/Pomazany_kral_2026-768x1086.jpg 768w, https:\/\/kbd.sk\/wp-content\/uploads\/2026\/03\/Pomazany_kral_2026-1086x1536.jpg 1086w, https:\/\/kbd.sk\/wp-content\/uploads\/2026\/03\/Pomazany_kral_2026-1448x2048.jpg 1448w, https:\/\/kbd.sk\/wp-content\/uploads\/2026\/03\/Pomazany_kral_2026-600x849.jpg 600w, https:\/\/kbd.sk\/wp-content\/uploads\/2026\/03\/Pomazany_kral_2026.jpg 1587w\" sizes=\"auto, (max-width: 348px) 100vw, 348px\" \/><\/p>\n<p>Program m\u00e1 na starosti p\u00e1ter Milan Toman SVD z UPaC v Ru\u017eomberku,<\/p>\n<p>\u010dlen rady KBD. Viac info. ako aj mo\u017enos\u0165 registr\u00e1cie n\u00e1jdete na plag\u00e1te.<\/p>\n<p><a href=\"https:\/\/forms.gle\/X1335RhgpHJbHFPM9\">https:\/\/forms.gle\/X1335RhgpHJbHFPM9<\/a><\/p>\n","protected":false},"excerpt":{"rendered":"<p>&nbsp; Mision\u00e1ri verbisti pon\u00fakaj\u00fa po\u010das &#8222;kvetn\u00e9ho v\u00edkendu&#8220; biblick\u00fa duchovn\u00fa obnovu, zameran\u00fa na o\u017eivenie kr\u00e1\u013eovsk\u00e9ho pomazania, ktor\u00e9 smeprijali pri krste. Akcia je ur\u010den\u00e1 pre mlad\u00fdch slobodn\u00fdch mu\u017eov vo veku od 19&#8230;<\/p>\n","protected":false},"author":7,"featured_media":5447,"comment_status":"closed","ping_status":"open","sticky":false,"template":"","format":"standard","meta":{"inline_featured_image":false,"footnotes":""},"categories":[29,46],"tags":[],"class_list":{"0":"post-5437","1":"post","2":"type-post","3":"status-publish","4":"format-standard","5":"has-post-thumbnail","7":"category-novinky-a-aktuality","8":"category-planovane"},"_links":{"self":[{"href":"https:\/\/kbd.sk\/index.php\/wp-json\/wp\/v2\/posts\/5437","targetHints":{"allow":["GET"]}}],"collection":[{"href":"https:\/\/kbd.sk\/index.php\/wp-json\/wp\/v2\/posts"}],"about":[{"href":"https:\/\/kbd.sk\/index.php\/wp-json\/wp\/v2\/types\/post"}],"author":[{"embeddable":true,"href":"https:\/\/kbd.sk\/index.php\/wp-json\/wp\/v2\/users\/7"}],"replies":[{"embeddable":true,"href":"https:\/\/kbd.sk\/index.php\/wp-json\/wp\/v2\/comments?post=5437"}],"version-history":[{"count":8,"href":"https:\/\/kbd.sk\/index.php\/wp-json\/wp\/v2\/posts\/5437\/revisions"}],"predecessor-version":[{"id":5448,"href":"https:\/\/kbd.sk\/index.php\/wp-json\/wp\/v2\/posts\/5437\/revisions\/5448"}],"wp:featuredmedia":[{"embeddable":true,"href":"https:\/\/kbd.sk\/index.php\/wp-json\/wp\/v2\/media\/5447"}],"wp:attachment":[{"href":"https:\/\/kbd.sk\/index.php\/wp-json\/wp\/v2\/media?parent=5437"}],"wp:term":[{"taxonomy":"category","embeddable":true,"href":"https:\/\/kbd.sk\/index.php\/wp-json\/wp\/v2\/categories?post=5437"},{"taxonomy":"post_tag","embeddable":true,"href":"https:\/\/kbd.sk\/index.php\/wp-json\/wp\/v2\/tags?post=5437"}],"curies":[{"name":"wp","href":"https:\/\/api.w.org\/{rel}","templated":true}]}}