{"id":5428,"date":"2026-03-11T12:43:44","date_gmt":"2026-03-11T11:43:44","guid":{"rendered":"https:\/\/kbd.sk\/?p=5428"},"modified":"2026-03-13T19:01:05","modified_gmt":"2026-03-13T18:01:05","slug":"jonas-prorok-na-absolutnom-dne","status":"publish","type":"post","link":"https:\/\/kbd.sk\/index.php\/novinky-a-aktuality\/jonas-prorok-na-absolutnom-dne\/","title":{"rendered":"JON\u00c1\u0160 &#8211; prorok na absol\u00fatnom dne"},"content":{"rendered":"<p>V pondelok 9.marca sme na Katol\u00edckom biblickom diele pokra\u010dovali na spolo\u010dnej ceste duchovnej obnovy s prorokom Jon\u00e1\u0161om prostredn\u00edctvom p\u00f4stneho webin\u00e1ru.<\/p>\n<p>Podobne ako pri prvom stretnut\u00ed sa v \u00favode \u00fa\u010dastn\u00edkom prihovoril\u00a0riadite\u013e KBD\u00a0 Ondrej \u010cukan a v pr\u00edhovore pokra\u010doval biblista D\u00e1vid Sklar\u010d\u00edk, ktor\u00fd pr\u00edtomn\u00fdm predstavil 2.kapitolu knihy proroka Jon\u00e1\u0161a.<\/p>\n<p>Druh\u00e1 t\u00e9ma stretnutia pod n\u00e1zvom <strong>Prorok na absol\u00fatnom dne<\/strong>\u00a0z cyklu pripravovan\u00fdch pr\u00edhovorov o prorokovi Jon\u00e1\u0161ovi \u2013 Prorok Jon\u00e1\u0161: \u201eTam, kde kon\u010d\u00ed \u00fatek, za\u010d\u00edna milos\u0165\u201c pripomenula, \u017ee nosnou t\u00e9mou predstavenej kapitoly nie je ryba sama o sebe a polemika mo\u017enosti pre\u017eitia v rybe 3 dni a 3 noci. <strong>Hlavnou t\u00e9mou je Boh<\/strong>. Ten, ktor\u00fd v\u0161etko ovl\u00e1da a je nad v\u0161etk\u00fdm, ktor\u00fd je ve\u013ek\u00fd a milosrdn\u00fd. Ryba je miestom, kde Jon\u00e1\u0161 nanovo zakusuje Bo\u017eie milosrdenstvo, kde si je vedom\u00fd Bo\u017eej pr\u00edtomnosti a z tohto poznania vych\u00e1dza aj Jon\u00e1\u0161ova modlitba, Jon\u00e1\u0161ov <span style=\"text-decoration: underline;\">individu\u00e1lny \u010fakovn\u00fd \u017ealm<\/span>.<\/p>\n<p>Biblista D\u00e1vid Sklar\u010d\u00edk pr\u00edtomn\u00fdm predstavil exeg\u00e9zu Jon\u00e1\u0161ovej modlitby, ktor\u00e1 odhalila mnoho z Jon\u00e1\u0161ovho vn\u00fatra. Po\u010das stretnutia kl\u00e1dol na zrete\u013e potrebu osobnej modlitby; potrebu nie len prij\u00edma\u0165 Bo\u017eie odpustenie, ale Bo\u017eie milosrdenstvo aj pon\u00faka\u0165 bl\u00ed\u017enemu. Poz\u00fdval k osobn\u00e9mu rozhodnutiu nanovo \u017ei\u0165 v Bo\u017eej pr\u00edtomnosti, v modlitbe. Na dne, ktor\u00e9 Jon\u00e1\u0161 zak\u00fasil, kedy sa u\u017e hlb\u0161ie z\u00eds\u0165 nedalo,\u00a0 D\u00e1vid Sklar\u010d\u00edk ilustroval aj \u013eudsk\u00e9 klesania a p\u00e1dy, kedy si mysliac, \u017ee je \u010dlovek na dne, op\u00fa\u0161\u0165a seba, modlitbu, Boha. Pr\u00e1ve na pr\u00edklade tejto 2.kapitoly knihy proroka Jon\u00e1\u0161a odhalil, ako je Boh pr\u00edtomn\u00fd v ka\u017edom momente \u013eudsk\u00e9ho \u017eitia, v ka\u017edej situ\u00e1cii. Preto\u017ee pr\u00e1ve v modlitba a milosrdenstvo s\u00fa miesta, kde je Boh pr\u00edtomn\u00fd.<\/p>\n<p>V z\u00e1vere stretnutie pozval pr\u00edtomn\u00fdch, aby sa pok\u00fasili o exeg\u00e9zu vlastnej modlitby, ktor\u00e1 sa stena sebareflexiou vlastn\u00e9ho (nielen) duchovn\u00e9ho \u017eivota a ka\u017ed\u00e9mu odhal\u00ed jeho vn\u00fatro mo\u017eno v inej perspekt\u00edve.<\/p>\n<p>P\u00f4stny webin\u00e1r pokra\u010duje 16. marca o 20:00 h prostredn\u00edctvom platformy ZOOM.<\/p>\n<p>Ste na\u0148 srde\u010dne pozvan\u00ed. Ak ste tak e\u0161te neurobili, prihl\u00e1si\u0165 sa m\u00f4\u017eete na: <a href=\"https:\/\/us06web.zoom.us\/webinar\/register\/WN_ftpHfclaQtW_JavZw6MN4A#\/registration\" target=\"_blank\" rel=\"noopener\">https:\/\/us06web.zoom.us\/webinar\/register\/WN_ftpHfclaQtW_JavZw6MN4A#\/registration<\/a><\/p>\n","protected":false},"excerpt":{"rendered":"<p>V pondelok 9.marca sme na Katol\u00edckom biblickom diele pokra\u010dovali na spolo\u010dnej ceste duchovnej obnovy s prorokom Jon\u00e1\u0161om prostredn\u00edctvom p\u00f4stneho webin\u00e1ru. Podobne ako pri prvom stretnut\u00ed sa v \u00favode \u00fa\u010dastn\u00edkom prihovoril\u00a0riadite\u013e&#8230;<\/p>\n","protected":false},"author":4,"featured_media":5429,"comment_status":"closed","ping_status":"open","sticky":false,"template":"","format":"standard","meta":{"inline_featured_image":false,"footnotes":""},"categories":[29,47],"tags":[],"class_list":{"0":"post-5428","1":"post","2":"type-post","3":"status-publish","4":"format-standard","5":"has-post-thumbnail","7":"category-novinky-a-aktuality","8":"category-uskutocnene"},"_links":{"self":[{"href":"https:\/\/kbd.sk\/index.php\/wp-json\/wp\/v2\/posts\/5428","targetHints":{"allow":["GET"]}}],"collection":[{"href":"https:\/\/kbd.sk\/index.php\/wp-json\/wp\/v2\/posts"}],"about":[{"href":"https:\/\/kbd.sk\/index.php\/wp-json\/wp\/v2\/types\/post"}],"author":[{"embeddable":true,"href":"https:\/\/kbd.sk\/index.php\/wp-json\/wp\/v2\/users\/4"}],"replies":[{"embeddable":true,"href":"https:\/\/kbd.sk\/index.php\/wp-json\/wp\/v2\/comments?post=5428"}],"version-history":[{"count":6,"href":"https:\/\/kbd.sk\/index.php\/wp-json\/wp\/v2\/posts\/5428\/revisions"}],"predecessor-version":[{"id":5435,"href":"https:\/\/kbd.sk\/index.php\/wp-json\/wp\/v2\/posts\/5428\/revisions\/5435"}],"wp:featuredmedia":[{"embeddable":true,"href":"https:\/\/kbd.sk\/index.php\/wp-json\/wp\/v2\/media\/5429"}],"wp:attachment":[{"href":"https:\/\/kbd.sk\/index.php\/wp-json\/wp\/v2\/media?parent=5428"}],"wp:term":[{"taxonomy":"category","embeddable":true,"href":"https:\/\/kbd.sk\/index.php\/wp-json\/wp\/v2\/categories?post=5428"},{"taxonomy":"post_tag","embeddable":true,"href":"https:\/\/kbd.sk\/index.php\/wp-json\/wp\/v2\/tags?post=5428"}],"curies":[{"name":"wp","href":"https:\/\/api.w.org\/{rel}","templated":true}]}}