{"id":4982,"date":"2026-01-24T09:00:58","date_gmt":"2026-01-24T08:00:58","guid":{"rendered":"https:\/\/kbd.sk\/?p=4982"},"modified":"2026-01-23T09:40:36","modified_gmt":"2026-01-23T08:40:36","slug":"pastiersky-list-na-nedelu-bozieho-slova","status":"publish","type":"post","link":"https:\/\/kbd.sk\/index.php\/nedela-bozieho-slova\/pastiersky-list-na-nedelu-bozieho-slova\/","title":{"rendered":"Pastiersky list na Nede\u013eu Bo\u017eieho slova"},"content":{"rendered":"<p style=\"text-align: center;\"><strong>Pastiersky list na Nede\u013eu Bo\u017eieho slova, 25. janu\u00e1r 2026<\/strong><br \/>\n<strong>(Pre\u010d\u00edta\u0165 namiesto hom\u00edlie)<\/strong><\/p>\n<p style=\"text-align: left;\">Drah\u00ed bratia a sestry v Kristovi,<br \/>\nv dne\u0161n\u00fa Nede\u013eu Bo\u017eieho slova sa v celej Cirkvi zastavujeme pred darom, ktor\u00fd m\u00e1me \u010dasto bl\u00edzko, a predsa ho niekedy nech\u00e1vame le\u017ea\u0165 nepov\u0161imnut\u00fd na na\u0161ej poli\u010dke. M\u00e1m na mysli Sv\u00e4t\u00e9 p\u00edsmo, v ktorom sa n\u00e1m Boh prihov\u00e1ra ako Otec svojim de\u0165om. T\u00e9ma tohtoro\u010dnej nedele je cit\u00e1t z Listu apo\u0161tola Pavla veriacim do mesta Kolosy v dne\u0161nom Turecku: \u201eKristovo slovo nech vo v\u00e1s bohato preb\u00fdva.\u201c (Kol 3,16)<\/p>\n<p style=\"text-align: left;\">\nToto nie je pozvanie iba \u010d\u00edta\u0165 \u010dastej\u0161ie Bibliu. Apo\u0161tol Pavol pou\u017e\u00edva siln\u00fa v\u00fdzvu: \u201ebohato preb\u00fdva\u201c. Znamen\u00e1 to, aby Bo\u017eie slovo neprich\u00e1dzalo k n\u00e1m len ako nejak\u00fd hos\u0165, ale ako ten, kto m\u00e1 k\u013e\u00fa\u010de od domu. Aby formovalo na\u0161e myslenie, \u010distilo na\u0161e t\u00fa\u017eby, uzdravovalo na\u0161e rany a d\u00e1valo pravdivos\u0165<br \/>\nn\u00e1\u0161mu kres\u0165ansk\u00e9mu svedectvu. Obnova Cirkvi neprich\u00e1dza zo strat\u00e9gi\u00ed, ale z po\u010d\u00favania Bo\u017eieho slova. Kde sa evanjelium st\u00e1va centrom \u017eivota, tam sa rod\u00ed n\u00e1dej, pokoj a nov\u00e1 sila. Bo\u017eie slovo nie je m\u0155tvy text. Je to \u017eiv\u00e1 pr\u00edtomnos\u0165 Krista. Ke\u010f ho po\u010d\u00favame s otvoren\u00fdm srdcom, stret\u00e1vame nie\u010do ove\u013ea viac ne\u017e len pekn\u00e9 my\u0161lienky \u2013 stret\u00e1vame Toho, kto n\u00e1s pozn\u00e1 a miluje. Prija\u0165 Bo\u017eie slovo znamen\u00e1 necha\u0165 sa sprev\u00e1dza\u0165 Kristom, ktor\u00fd neklame a neop\u00fa\u0161\u0165a.<\/p>\n<p style=\"text-align: left;\">\n\u017dijeme v \u010dase mnoh\u00fdch hlasov, no m\u00e1loktor\u00fd z nich d\u00e1va \u017eivot. Bo\u017eie slovo v\u0161ak neklame, nevy\u010derp\u00e1va, ale dv\u00edha a posil\u0148uje. Kto sa mu otvor\u00ed, za\u017e\u00edva hlb\u0161\u00ed pokoj a v\u00e4\u010d\u0161iu vn\u00fatorn\u00fa slobodu. Bez Bo\u017eieho slova Cirkev str\u00e1ca hlas, s Bo\u017e\u00edm slovom sa st\u00e1va svetlom. Ako v\u00e1\u0161 biskup v\u00e1s chcem dnes pozva\u0165 k trom ve\u013emi konkr\u00e9tnym krokom, ku ktor\u00fdm sa chcem prida\u0165 aj ja s\u00e1m. M\u00f4\u017eu n\u00e1m pom\u00f4c\u0165, aby sa Bo\u017eie slovo stalo skuto\u010dn\u00fdm spolo\u010dn\u00edkom n\u00e1\u0161ho \u017eivota a bohato preb\u00fdvalo v n\u00e1s.<\/p>\n<p style=\"text-align: left;\">\nPo prv\u00e9 \u2013 zapojme sa v\u0161etci do po\u010d\u00favania podcastu: \u201e<strong>Biblia za rok<\/strong>.\u201c Za 365 dn\u00ed si m\u00f4\u017eete vypo\u010du\u0165 cel\u00e9<br \/>\nSv\u00e4t\u00e9 p\u00edsmo s vysvetlen\u00edm a kr\u00e1tkou modlitbou. N\u00e1jdete ho na r\u00f4znych internetov\u00fdch platform\u00e1ch, ako aj ka\u017ed\u00fd de\u0148 na R\u00e1diu Lumen v\u017edy o 12.30 hod. Aj v zhone be\u017en\u00e9ho d\u0148a m\u00f4\u017eeme necha\u0165 Bo\u017eie slovo zaznie\u0165 \u2013 r\u00e1no po prebuden\u00ed, cestou do pr\u00e1ce, doma, pri tichu ve\u010dera. Pros\u00edm, \u0161\u00edrte tento podcast vo va\u0161ich rodin\u00e1ch a v kolekt\u00edvoch. Mlad\u00ed, stiahnite si ho do svojich mobiln\u00fdch telef\u00f3nov. Nech sa cel\u00e9 na\u0161e Slovensko premen\u00ed na krajinu, v ktorej sa ka\u017ed\u00fd de\u0148 po\u010d\u00fava Bo\u017eie slovo. Uvedomujem si v\u0161ak, \u017ee iba po\u010d\u00favanie Bo\u017eieho slova n\u00e1s m\u00f4\u017ee vies\u0165 k pasivite. K pocitu spokojnosti, \u017ee sta\u010d\u00ed iba po\u010d\u00fava\u0165 a Boh bude kona\u0165 namiesto n\u00e1s. To je falo\u0161n\u00e1 \u00fatecha. Preto sa v\u00e1s, bratia a sestry, p\u00fdtam: nos\u00edte pri sebe ru\u017eenec? D\u00fafam, \u017ee \u00e1no.<\/p>\n<p style=\"text-align: left;\">\nMoje druh\u00e9 odpor\u00fa\u010danie znie: <strong>Modlime sa ru\u017eenec so Sv\u00e4t\u00fdm p\u00edsmom v ruke<\/strong>. Modlitbu ru\u017eenca r\u00e1d naz\u00fdvam evanjeliom na kolen\u00e1ch. Ka\u017ed\u00fd desiatok posv\u00e4tn\u00e9ho ru\u017eenca je modlitbov\u00fdm poh\u013eadom do Je\u017ei\u0161ovho \u017eivota. Je to zastavenie sa pri tajomstv\u00e1ch jeho \u017eivota. Pri tom n\u00e1s prev\u00e1dza Panna M\u00e1ria, ktor\u00e1 je najbli\u017e\u0161ie pri Je\u017ei\u0161ovi. Modlime sa denne ru\u017eenec, najlep\u0161ie cel\u00fd, alebo aspo\u0148 2-3 desiatky.<\/p>\n<p style=\"text-align: left;\">\nPo tretie \u2013 nech <strong>Bo\u017eie slovo zaznie cez n\u00e1\u0161 \u017eivot<\/strong>. Najkraj\u0161\u00edm svedectvom o Sv\u00e4tom p\u00edsme nie s\u00fa cit\u00e1ty, ale n\u00e1\u0161 ka\u017edodenn\u00fd \u017eivot, ktor\u00fd je pretvoren\u00fd pod\u013ea Sv\u00e4t\u00e9ho p\u00edsma. Je to \u017eivot, ktor\u00fd odp\u00fa\u0161\u0165a, aj ke\u010f to bol\u00ed; ktor\u00fd zost\u00e1va pokojn\u00fd uprostred nap\u00e4tia; ktor\u00fd odpoved\u00e1 dobrom na zlo; ktor\u00fd je radostn\u00fd, trpezliv\u00fd a miluj\u00faci. Tak\u00fdto \u017eivot hovor\u00ed o Bohu viac ne\u017e tis\u00edc slov. V tomto roku, ke\u010f si pripom\u00edname 800 rokov od smrti sv\u00e4t\u00e9ho Franti\u0161ka Assisk\u00e9ho (zomrel v roku 1226), chcem uvies\u0165 v\u00fdrok, ktor\u00fd sa mu pripisuje: \u201eV\u017edy ohlasujte evanjelium. Ak je to nutn\u00e9, tak aj slovami.\u201c<\/p>\n<p style=\"text-align: left;\">Drah\u00ed bratia a sestry, nech sa Bo\u017eie slovo stane svetlom na na\u0161ich cest\u00e1ch, silou v na\u0161ich sk\u00fa\u0161kach a n\u00e1dejou pre na\u0161u krajinu. Nech Kristovo slovo bohato preb\u00fdva v na\u0161ich srdciach \u2013 a nech cez n\u00e1s preb\u00fdva aj v srdciach druh\u00fdch \u013eud\u00ed. Pros\u00edm, modlite sa na\u010falej aj za m\u0148a. Ude\u013eujem v\u00e1m svoje<br \/>\npo\u017eehnanie v mene Otca i Syna i Ducha Sv\u00e4t\u00e9ho. Amen.<\/p>\n<p style=\"text-align: left;\">V\u00e1\u0161 biskup Franti\u0161ek<\/p>\n<p>&nbsp;<\/p>\n","protected":false},"excerpt":{"rendered":"<p>Pastiersky list na Nede\u013eu Bo\u017eieho slova, 25. janu\u00e1r 2026 (Pre\u010d\u00edta\u0165 namiesto hom\u00edlie) Drah\u00ed bratia a sestry v Kristovi, v dne\u0161n\u00fa Nede\u013eu Bo\u017eieho slova sa v celej Cirkvi zastavujeme pred darom,&#8230;<\/p>\n","protected":false},"author":4,"featured_media":4987,"comment_status":"closed","ping_status":"open","sticky":false,"template":"","format":"standard","meta":{"inline_featured_image":false,"footnotes":""},"categories":[50],"tags":[],"class_list":{"0":"post-4982","1":"post","2":"type-post","3":"status-publish","4":"format-standard","5":"has-post-thumbnail","7":"category-nedela-bozieho-slova"},"_links":{"self":[{"href":"https:\/\/kbd.sk\/index.php\/wp-json\/wp\/v2\/posts\/4982","targetHints":{"allow":["GET"]}}],"collection":[{"href":"https:\/\/kbd.sk\/index.php\/wp-json\/wp\/v2\/posts"}],"about":[{"href":"https:\/\/kbd.sk\/index.php\/wp-json\/wp\/v2\/types\/post"}],"author":[{"embeddable":true,"href":"https:\/\/kbd.sk\/index.php\/wp-json\/wp\/v2\/users\/4"}],"replies":[{"embeddable":true,"href":"https:\/\/kbd.sk\/index.php\/wp-json\/wp\/v2\/comments?post=4982"}],"version-history":[{"count":3,"href":"https:\/\/kbd.sk\/index.php\/wp-json\/wp\/v2\/posts\/4982\/revisions"}],"predecessor-version":[{"id":4985,"href":"https:\/\/kbd.sk\/index.php\/wp-json\/wp\/v2\/posts\/4982\/revisions\/4985"}],"wp:featuredmedia":[{"embeddable":true,"href":"https:\/\/kbd.sk\/index.php\/wp-json\/wp\/v2\/media\/4987"}],"wp:attachment":[{"href":"https:\/\/kbd.sk\/index.php\/wp-json\/wp\/v2\/media?parent=4982"}],"wp:term":[{"taxonomy":"category","embeddable":true,"href":"https:\/\/kbd.sk\/index.php\/wp-json\/wp\/v2\/categories?post=4982"},{"taxonomy":"post_tag","embeddable":true,"href":"https:\/\/kbd.sk\/index.php\/wp-json\/wp\/v2\/tags?post=4982"}],"curies":[{"name":"wp","href":"https:\/\/api.w.org\/{rel}","templated":true}]}}