{"id":4973,"date":"2026-01-22T07:39:13","date_gmt":"2026-01-22T06:39:13","guid":{"rendered":"https:\/\/kbd.sk\/?p=4973"},"modified":"2026-01-23T09:24:50","modified_gmt":"2026-01-23T08:24:50","slug":"zivotne-jubileum-slovenskeho-biblistu-prof-petra-dubovskeho-sj","status":"publish","type":"post","link":"https:\/\/kbd.sk\/index.php\/novinky-a-aktuality\/zivotne-jubileum-slovenskeho-biblistu-prof-petra-dubovskeho-sj\/","title":{"rendered":"\u017divotn\u00e9 jubileum slovensk\u00e9ho biblistu prof. Petra Dubovsk\u00e9ho, SJ"},"content":{"rendered":"<h5><span style=\"color: #0042aa; font-size: large;\"><img loading=\"lazy\" decoding=\"async\" class=\" wp-image-4974 alignleft\" src=\"https:\/\/kbd.sk\/wp-content\/uploads\/2026\/01\/KBD_web-titulky-300x169.jpg\" alt=\"\" width=\"319\" height=\"180\" srcset=\"https:\/\/kbd.sk\/wp-content\/uploads\/2026\/01\/KBD_web-titulky-300x169.jpg 300w, https:\/\/kbd.sk\/wp-content\/uploads\/2026\/01\/KBD_web-titulky-1024x576.jpg 1024w, https:\/\/kbd.sk\/wp-content\/uploads\/2026\/01\/KBD_web-titulky-768x432.jpg 768w, https:\/\/kbd.sk\/wp-content\/uploads\/2026\/01\/KBD_web-titulky-1536x864.jpg 1536w, https:\/\/kbd.sk\/wp-content\/uploads\/2026\/01\/KBD_web-titulky-2048x1152.jpg 2048w, https:\/\/kbd.sk\/wp-content\/uploads\/2026\/01\/KBD_web-titulky-600x338.jpg 600w\" sizes=\"auto, (max-width: 319px) 100vw, 319px\" \/><\/span><\/h5>\n<p>Pri pr\u00edle\u017eitosti \u017eivotn\u00e9ho jubilea v\u00fdznamn\u00e9ho slovensk\u00e9ho biblistu prof. Petra Dubovsk\u00e9ho, SJ,\u00a0organizuje redakcia vedeck\u00e9ho \u010dasopisu\u00a0<em>Studia Biblica Slovaca (StBiSl)\u00a0<\/em>v spolupr\u00e1ci s RKCMBF UK, TF TU a ob\u010dianskym zdru\u017een\u00edm Cleopas sl\u00e1vnostn\u00e9 podujatie venovan\u00e9 jeho osobnosti a dielu. Jeho s\u00fa\u010das\u0165ou bude odovzdanie jubilejn\u00e9ho \u010d\u00edsla\u00a0<em>StBiSl<\/em>\u00a0jubilantovi ako v\u00fdraz \u00facty a v\u010faky za jeho dlhoro\u010dn\u00fd vedeck\u00fd, pedagogick\u00fd a duchovn\u00fd pr\u00ednos v oblasti biblick\u00fdch \u0161t\u00fadi\u00ed.<\/p>\n<p>Podujatie sa uskuto\u010dn\u00ed v sobotu 24. janu\u00e1ra 2026 o 17.00 h v budove Martinea na Rudnayovom n\u00e1mest\u00ed 3 v Bratislave, pri ju\u017enom vchode do Katedr\u00e1ly sv. Martina.<\/p>\n<p>&nbsp;<\/p>\n<p>Prof. Peter Dubovsk\u00fd, SJ, patr\u00ed medzi popredn\u00fdch svetov\u00fdch biblistov. Od roku 2023 p\u00f4sob\u00ed ako rektor P\u00e1pe\u017esk\u00e9ho biblick\u00e9ho in\u0161tit\u00fatu (Pontificio Istituto Biblico) v R\u00edme, jednej z najv\u00fdznamnej\u0161\u00edch akademick\u00fdch in\u0161tit\u00faci\u00ed v oblasti biblick\u00fdch vied.<\/p>\n<p>Je \u010dlenom Spolo\u010dnosti Je\u017ei\u0161ovej a r\u00edmskokatol\u00edckym k\u0148azom. Jeho akademick\u00e1 form\u00e1cia je mimoriadne \u0161irok\u00e1: od pr\u00edrodn\u00fdch vied, ktor\u00e9 \u0161tudoval na Slovenskej technickej univerzite v Bratislave, cez filozofiu a teol\u00f3giu a\u017e po \u0161pecializovan\u00e9 biblick\u00e9 \u0161t\u00fadi\u00e1 v R\u00edme, Jeruzaleme a na Harvard Divinity School, kde z\u00edskal doktor\u00e1t v odbore Hebrejsk\u00e1 Biblia.<img loading=\"lazy\" decoding=\"async\" class=\"size-medium wp-image-4975 alignright\" src=\"https:\/\/kbd.sk\/wp-content\/uploads\/2026\/01\/Plagatik1_uprava-213x300.jpg\" alt=\"\" width=\"213\" height=\"300\" srcset=\"https:\/\/kbd.sk\/wp-content\/uploads\/2026\/01\/Plagatik1_uprava-213x300.jpg 213w, https:\/\/kbd.sk\/wp-content\/uploads\/2026\/01\/Plagatik1_uprava-726x1024.jpg 726w, https:\/\/kbd.sk\/wp-content\/uploads\/2026\/01\/Plagatik1_uprava-768x1083.jpg 768w, https:\/\/kbd.sk\/wp-content\/uploads\/2026\/01\/Plagatik1_uprava-1090x1536.jpg 1090w, https:\/\/kbd.sk\/wp-content\/uploads\/2026\/01\/Plagatik1_uprava-600x846.jpg 600w, https:\/\/kbd.sk\/wp-content\/uploads\/2026\/01\/Plagatik1_uprava.jpg 1240w\" sizes=\"auto, (max-width: 213px) 100vw, 213px\" \/><\/p>\n<p>Od roku 2009 p\u00f4sob\u00ed ako profesor exeg\u00e9zy Star\u00e9ho z\u00e1kona na P\u00e1pe\u017eskom biblickom in\u0161tit\u00fate v R\u00edme, kde bol v roku 2016 vymenovan\u00fd za profesora ordinaria. S\u00fa\u010dasne sa venuje vedeckej spolupr\u00e1ci s Teologickou fakultou Trnavskej univerzity.<\/p>\n<p>Vo svojom v\u00fdskume sa zameriava najm\u00e4 na historick\u00e9 knihy Star\u00e9ho z\u00e1kona, redak\u010dn\u00e9 procesy biblick\u00fdch textov, dejiny Izraela a vz\u0165ah biblick\u00fdch textov k archeologick\u00fdm a historick\u00fdm prame\u0148om. Je autorom a editorom viacer\u00fdch v\u00fdznamn\u00fdch monografi\u00ed a kolekt\u00edvnych diel, publikovan\u00fdch v prest\u00ed\u017enych zahrani\u010dn\u00fdch vydavate\u013estv\u00e1ch.<\/p>\n<p>Prof. Dubovsk\u00fd je \u010dlenom redak\u010dn\u00fdch r\u00e1d viacer\u00fdch medzin\u00e1rodn\u00fdch odborn\u00fdch \u010dasopisov a akt\u00edvnym \u010dlenom v\u00fdznamn\u00fdch biblick\u00fdch a teologick\u00fdch spolo\u010dnost\u00ed. Za svoju vedeck\u00fa pr\u00e1cu z\u00edskal viacero ocenen\u00ed a grantov doma i v zahrani\u010d\u00ed.<\/p>\n<p>Viac k vedeckej \u010dinnosti prof. Dubovsk\u00e9ho n\u00e1jdete <a href=\"https:\/\/www.biblico.it\/professori\/Dubovsky-CV.pdf\">TU<\/a><\/p>\n<p>&nbsp;<\/p>\n<p>Text spracoval doc. Bla\u017eej \u0160trba, biblista<\/p>\n<p>&nbsp;<\/p>\n","protected":false},"excerpt":{"rendered":"<p>Pri pr\u00edle\u017eitosti \u017eivotn\u00e9ho jubilea v\u00fdznamn\u00e9ho slovensk\u00e9ho biblistu prof. Petra Dubovsk\u00e9ho, SJ,\u00a0organizuje redakcia vedeck\u00e9ho \u010dasopisu\u00a0Studia Biblica Slovaca (StBiSl)\u00a0v spolupr\u00e1ci s RKCMBF UK, TF TU a ob\u010dianskym zdru\u017een\u00edm Cleopas sl\u00e1vnostn\u00e9 podujatie venovan\u00e9&#8230;<\/p>\n","protected":false},"author":4,"featured_media":4977,"comment_status":"closed","ping_status":"open","sticky":false,"template":"","format":"standard","meta":{"inline_featured_image":false,"footnotes":""},"categories":[29],"tags":[],"class_list":{"0":"post-4973","1":"post","2":"type-post","3":"status-publish","4":"format-standard","5":"has-post-thumbnail","7":"category-novinky-a-aktuality"},"_links":{"self":[{"href":"https:\/\/kbd.sk\/index.php\/wp-json\/wp\/v2\/posts\/4973","targetHints":{"allow":["GET"]}}],"collection":[{"href":"https:\/\/kbd.sk\/index.php\/wp-json\/wp\/v2\/posts"}],"about":[{"href":"https:\/\/kbd.sk\/index.php\/wp-json\/wp\/v2\/types\/post"}],"author":[{"embeddable":true,"href":"https:\/\/kbd.sk\/index.php\/wp-json\/wp\/v2\/users\/4"}],"replies":[{"embeddable":true,"href":"https:\/\/kbd.sk\/index.php\/wp-json\/wp\/v2\/comments?post=4973"}],"version-history":[{"count":5,"href":"https:\/\/kbd.sk\/index.php\/wp-json\/wp\/v2\/posts\/4973\/revisions"}],"predecessor-version":[{"id":4981,"href":"https:\/\/kbd.sk\/index.php\/wp-json\/wp\/v2\/posts\/4973\/revisions\/4981"}],"wp:featuredmedia":[{"embeddable":true,"href":"https:\/\/kbd.sk\/index.php\/wp-json\/wp\/v2\/media\/4977"}],"wp:attachment":[{"href":"https:\/\/kbd.sk\/index.php\/wp-json\/wp\/v2\/media?parent=4973"}],"wp:term":[{"taxonomy":"category","embeddable":true,"href":"https:\/\/kbd.sk\/index.php\/wp-json\/wp\/v2\/categories?post=4973"},{"taxonomy":"post_tag","embeddable":true,"href":"https:\/\/kbd.sk\/index.php\/wp-json\/wp\/v2\/tags?post=4973"}],"curies":[{"name":"wp","href":"https:\/\/api.w.org\/{rel}","templated":true}]}}