{"id":4961,"date":"2026-01-22T12:21:11","date_gmt":"2026-01-22T11:21:11","guid":{"rendered":"https:\/\/kbd.sk\/?p=4961"},"modified":"2026-01-22T12:21:11","modified_gmt":"2026-01-22T11:21:11","slug":"nedela-bozieho-slova-v-spisskej-dieceze","status":"publish","type":"post","link":"https:\/\/kbd.sk\/index.php\/novinky-a-aktuality\/nedela-bozieho-slova-v-spisskej-dieceze\/","title":{"rendered":"Nede\u013ea Bo\u017eieho slova v Spi\u0161skej diec\u00e9ze"},"content":{"rendered":"<p>Spi\u0161sk\u00e1 diec\u00e9za na svojich str\u00e1nkach pon\u00faka nieko\u013eko materi\u00e1lov, ktor\u00fdmi je mo\u017en\u00e9 in\u0161pirova\u0165 sa pri pr\u00edprave na sl\u00e1venie nedele Bo\u017eieho slova.<\/p>\n<p>N\u00e1jdete v nich:<\/p>\n<ul>\n<li><a href=\"https:\/\/kapitula.sk\/wp-content\/uploads\/2026\/01\/Nedela-Bozieho-slova-2026-Intronizacia-Svateho-pisma-v-domacnosti.pdf\">texty na Introniz\u00e1ciu Sv\u00e4t\u00e9ho p\u00edsma v dom\u00e1cnosti<\/a><\/li>\n<li><a href=\"https:\/\/kapitula.sk\/wp-content\/uploads\/2026\/01\/Nedela-Bozieho-slova-2026-Liturgicke-texty-na-sv.-omsu.pdf\">liturgick\u00e9 texty na sv\u00e4t\u00fa om\u0161u<\/a><\/li>\n<li><a href=\"https:\/\/kapitula.sk\/wp-content\/uploads\/2026\/01\/Nedela-Bozieho-slova-2026-Biblicka-adoracia.pdf\">texty na biblick\u00fa ador\u00e1ciu<\/a><\/li>\n<\/ul>\n<p>Povzbudzujeme v\u00e1s zapoji\u0165 sa vo va\u0161ich rodin\u00e1ch a farnostiach\u2026<\/p>\n<p>Nech sa tak Bo\u017eie slovo stane maj\u00e1kom n\u00e1\u0161ho \u017eivota, ktor\u00fd osvet\u013euje na\u0161e rozhodnutia a povzbudzuje n\u00e1s kona\u0165 pod\u013ea Bo\u017eej v\u00f4le.<\/p>\n<p>&nbsp;<\/p>\n<p>Zdroj: <a href=\"https:\/\/kapitula.sk\/materialy-nedela-bozieho-slova\/?fbclid=IwY2xjawPe5fpleHRuA2FlbQIxMABzcnRjBmFwcF9pZBAyMjIwMzkxNzg4MjAwODkyAAEe-vtzG9g4stoMsnkRjMeD2--g0ysLMuteuh5dp_cHKhn3RkdG5mo8WBY7U8Q_aem_jIDGDQabBYknzM5e3cPlvA\">kapitula.sk<\/a><\/p>\n","protected":false},"excerpt":{"rendered":"<p>Spi\u0161sk\u00e1 diec\u00e9za na svojich str\u00e1nkach pon\u00faka nieko\u013eko materi\u00e1lov, ktor\u00fdmi je mo\u017en\u00e9 in\u0161pirova\u0165 sa pri pr\u00edprave na sl\u00e1venie nedele Bo\u017eieho slova. N\u00e1jdete v nich: texty na Introniz\u00e1ciu Sv\u00e4t\u00e9ho p\u00edsma v dom\u00e1cnosti&#8230;<\/p>\n","protected":false},"author":4,"featured_media":4962,"comment_status":"closed","ping_status":"open","sticky":false,"template":"","format":"standard","meta":{"inline_featured_image":false,"footnotes":""},"categories":[50,29],"tags":[],"class_list":{"0":"post-4961","1":"post","2":"type-post","3":"status-publish","4":"format-standard","5":"has-post-thumbnail","7":"category-nedela-bozieho-slova","8":"category-novinky-a-aktuality"},"_links":{"self":[{"href":"https:\/\/kbd.sk\/index.php\/wp-json\/wp\/v2\/posts\/4961","targetHints":{"allow":["GET"]}}],"collection":[{"href":"https:\/\/kbd.sk\/index.php\/wp-json\/wp\/v2\/posts"}],"about":[{"href":"https:\/\/kbd.sk\/index.php\/wp-json\/wp\/v2\/types\/post"}],"author":[{"embeddable":true,"href":"https:\/\/kbd.sk\/index.php\/wp-json\/wp\/v2\/users\/4"}],"replies":[{"embeddable":true,"href":"https:\/\/kbd.sk\/index.php\/wp-json\/wp\/v2\/comments?post=4961"}],"version-history":[{"count":2,"href":"https:\/\/kbd.sk\/index.php\/wp-json\/wp\/v2\/posts\/4961\/revisions"}],"predecessor-version":[{"id":4964,"href":"https:\/\/kbd.sk\/index.php\/wp-json\/wp\/v2\/posts\/4961\/revisions\/4964"}],"wp:featuredmedia":[{"embeddable":true,"href":"https:\/\/kbd.sk\/index.php\/wp-json\/wp\/v2\/media\/4962"}],"wp:attachment":[{"href":"https:\/\/kbd.sk\/index.php\/wp-json\/wp\/v2\/media?parent=4961"}],"wp:term":[{"taxonomy":"category","embeddable":true,"href":"https:\/\/kbd.sk\/index.php\/wp-json\/wp\/v2\/categories?post=4961"},{"taxonomy":"post_tag","embeddable":true,"href":"https:\/\/kbd.sk\/index.php\/wp-json\/wp\/v2\/tags?post=4961"}],"curies":[{"name":"wp","href":"https:\/\/api.w.org\/{rel}","templated":true}]}}