{"id":3380,"date":"2024-12-15T10:53:47","date_gmt":"2024-12-15T09:53:47","guid":{"rendered":"https:\/\/kbd.sk\/?p=3380"},"modified":"2024-12-16T10:57:26","modified_gmt":"2024-12-16T09:57:26","slug":"komentare-k-liturgickym-citaniam-3-adventnej-nedeli","status":"publish","type":"post","link":"https:\/\/kbd.sk\/index.php\/liturgicke-komentare\/komentare-k-liturgickym-citaniam-3-adventnej-nedeli\/","title":{"rendered":"Koment\u00e1re k textom na 3. adventn\u00fa nede\u013eu \u2013 rok \u201eC\u201c"},"content":{"rendered":"<ol>\n<li style=\"text-align: justify;\">\n<h4><em> \u010d\u00edtanie: <\/em>Sof 3,14-17<\/h4>\n<\/li>\n<\/ol>\n<p style=\"text-align: justify;\">Prorok Sofoni\u00e1\u0161 \u00fa\u010dinkoval pribli\u017ene v\u00a0tom istom \u010dase ako Jeremi\u00e1\u0161, azda o\u00a0nie\u010do sk\u00f4r. Svoj\u00edm proroctvom pripravil n\u00e1bo\u017eensk\u00fa reformu, ktor\u00fa uskuto\u010dnil kr\u00e1\u013e Jozi\u00e1\u0161. Jeho proroctvo je ve\u013emi optimistick\u00e9 a\u00a0prin\u00e1\u0161a n\u00e1dej. Je ve\u013emi vhodn\u00e9 pripomen\u00fa\u0165 si ho pr\u00e1ve na 3. adventn\u00fa nede\u013eu, ktor\u00e1 sa naz\u00fdva nede\u013eou \u201egaudete\u201c \u2013 radujte sa! Te\u0161me sa teda, preto\u017ee P\u00e1n k\u00a0n\u00e1m <em>obnovuje svoju l\u00e1sku<\/em>, ako to nap\u00edsal Sofoni\u00e1\u0161.<\/p>\n<p style=\"text-align: justify;\">Toto nie je len nejak\u00e9 kon\u0161tatovanie v\u00a0mor\u00e1lnom zmysle. Je to tvrdenie, ktor\u00e9 odr\u00e1\u017ea pravdu, \u017ee u\u00a0Boha je v\u0161etko na\u0161e dianie ako jedno ve\u013ek\u00e9 \u201eteraz\u201c. Ak preto prorok Sofoni\u00e1\u0161 tvrd\u00ed, \u017ee Boh ples\u00e1 a\u00a0te\u0161\u00ed sa nad Sionom a\u00a0obnovuje k\u00a0nemu svoju l\u00e1sku, s\u00a0istotou to plat\u00ed aj o\u00a0jeho vz\u0165ahu k\u00a0n\u00e1m. M\u00e1me preto viac, ako len mor\u00e1lnu istotu o\u00a0tom, \u017ee aj my sme dnes objektom tejto Bo\u017eej l\u00e1sky a\u00a0plesania.<\/p>\n<ol style=\"text-align: justify;\" start=\"2\">\n<li>\n<h4><em> \u010d\u00edtanie:<\/em> Flp 4,4-7<\/h4>\n<\/li>\n<\/ol>\n<p style=\"text-align: justify;\">V\u00a0druhom \u010d\u00edtan\u00ed nach\u00e1dzame prakticky rovnak\u00fa t\u00e9mu z\u00a0minulej nedele, ke\u010f sme po\u010d\u00favali \u00faryvok z\u00a0Listu Filipanom. Apo\u0161tol Pavol dnes e\u0161te v\u00fdraznej\u0161ie ako v\u00a0predch\u00e1dzaj\u00facom \u00faryvku zd\u00f4raz\u0148uje rados\u0165 v\u00a0P\u00e1novi. Kres\u0165anom rad\u00ed ustavi\u010dne sa radova\u0165, o\u00a0ni\u010d nemaj\u00fa by\u0165 ustarosten\u00ed, za v\u0161etko vzd\u00e1va\u0165 v\u010faky a\u00a0svoje srdcia a\u00a0my\u0161lienky zveri\u0165 Bohu. Sk\u00fasme to aj my.<\/p>\n<p style=\"text-align: justify;\">Vo vypo\u010dutom \u00faryvku sv. Pavla sa zra\u010d\u00ed jeho \u00faprimn\u00e1, Kristova l\u00e1ska vo\u010di kres\u0165anom vo Filip\u00e1ch. Znovu sa potvrdzuje to, \u010do nap\u00edsal na za\u010diatku listu: &#8230;<em>po v\u00e1s v\u0161etk\u00fdch t\u00fa\u017eim srdcom Krista Je\u017ei\u0161a&#8230;<\/em> a: <em>ten, \u010do za\u010dal vo v\u00e1s dobr\u00e9 dielo, nech ho aj s\u00e1m dokon\u010d\u00ed&#8230;<\/em> Dnes toto kr\u00e1sne \u017eelanie dost\u00e1va podobu Bo\u017eieho pokoja, ktor\u00fd prevy\u0161uje ka\u017ed\u00fa ch\u00e1pavos\u0165 a\u00a0m\u00e1 uchr\u00e1ni\u0165 srdcia a\u00a0mysle kres\u0165anov v\u00a0Kristovi Je\u017ei\u0161ovi. Tieto hodnoty kres\u0165ansk\u00e9ho \u017eivota a\u00a0Bo\u017eie dary n\u00e1m dnes ch\u00fdbaj\u00fa. Potrebujeme ich.<\/p>\n<h4 style=\"text-align: justify;\"><em>Evanjelium:<\/em> Lk 3,10-18<\/h4>\n<p style=\"text-align: justify;\">Na sc\u00e9nu evanjelia vystupuje aj dnes sv\u00e4t\u00fd J\u00e1n Krstite\u013e, ktor\u00e9ho Bo\u017eie zjavenie ozna\u010duje ako P\u00e1novho predchodcu. Dne\u0161n\u00e1 liturgia ho predstavuje v\u00a0konkr\u00e9tnej situ\u00e1cii, ke\u010f k\u00a0nemu prich\u00e1dzaj\u00fa jednotliv\u00e9 stavy \u017eidovskej spolo\u010dnosti a\u00a0p\u00fdtaj\u00fa sa ho na konkr\u00e9tne podmienky hodn\u00e9 prijatia Mesi\u00e1\u0161a. J\u00e1n ka\u017ed\u00e9mu odpovedal, a\u00a0tak jedine\u010dn\u00fdm sp\u00f4sobom plnil svoje prorock\u00e9 poslanie.<\/p>\n<p style=\"text-align: justify;\">Od tohto momentu je len mal\u00fd krok k\u00a0na\u0161ej pr\u00edtomnosti. Potrebn\u00e9 je, aby sme si aj my polo\u017eili podobn\u00fa ot\u00e1zku: \u010co m\u00e1me robi\u0165 my? Je to logick\u00e1 ot\u00e1zka, ktor\u00e1 v\u017edy nasleduje potom, ke\u010f sme pochopili teoretick\u00fa podstatu diskutovan\u00e9ho probl\u00e9mu. Tak sa p\u00fdtali z\u00e1stupy, ktor\u00e9 po\u010d\u00favali J\u00e1na Krstite\u013ea. J\u00e1n ohlasoval pok\u00e1nie a\u00a0z\u00e1stupy na znak toho, \u017ee mu porozumeli, sa p\u00fdtali, \u010do maj\u00fa robi\u0165. Aj my sa p\u00fdtame dnes podobne, preto\u017ee sme v\u00a0situ\u00e1cii, ke\u010f sa dobro a\u00a0zlo stretaj\u00fa v\u00a0novom rozdelen\u00ed s\u00edl.<\/p>\n<p style=\"text-align: justify;\">Odpove\u010f m\u00f4\u017eeme h\u013eada\u0165 v\u00a0zah\u013aben\u00ed sa do posolstva tohto liturgick\u00e9ho \u010dasu, do posolstva tejto adventnej nedele, do svojho vlastn\u00e9ho vn\u00fatra i\u00a0vlastn\u00fdch ot\u00e1zok, ktor\u00e9 pr\u00e1ve pre\u017e\u00edvame. \u010co m\u00e1me teda robi\u0165? V\u00a0prvom rade neda\u0165 si vzia\u0165 schopnos\u0165 rozli\u0161ova\u0165 dobro od zla. Neda\u0165 si nahovori\u0165, \u017ee v\u0161etko je relat\u00edvne, \u017ee v\u0161etko je spochybnite\u013en\u00e9. Neda\u0165 si vsugerova\u0165 py\u0161n\u00fd postoj, \u017ee my sme t\u00ed, ktor\u00ed rozhoduj\u00fa o\u00a0tom, \u010do je dobr\u00e9 a\u00a0\u010do zl\u00e9&#8230; Predsa Boh ako absol\u00fatne Bytie, to u\u017e ur\u010dil. On je t\u00fdm Dobrom, po ktorom t\u00fa\u017eime. Za Je\u017ei\u0161om m\u00e1me \u00eds\u0165, jeho chceme nasledova\u0165.<\/p>\n<p style=\"text-align: justify;\">J\u00e1n ohlasoval z\u00e1kon, a\u00a0ten bol spravodliv\u00fd. J\u00e1n ohlasoval poctivos\u0165 v\u00a0myslen\u00ed a\u00a0konan\u00ed. Je\u017ei\u0161 v\u0161ak priniesol e\u0161te viac: priniesol n\u00e1m Ducha, ktor\u00fd n\u00e1s rob\u00ed Bo\u017e\u00edmi priate\u013emi, Bo\u017e\u00edmi synmi a dc\u00e9rami&#8230; On prin\u00e1\u0161a Ducha a\u00a0jeho l\u00e1sku ako ohe\u0148. Majme t\u00fa\u017ebu po tomto kvalitat\u00edvnom zosilnen\u00ed duchovn\u00e9ho \u017eivota.<\/p>\n<p style=\"text-align: justify;\"><strong><em>Mons. Anton Tyrol<\/em><\/strong><\/p>\n","protected":false},"excerpt":{"rendered":"<p>\u010d\u00edtanie: Sof 3,14-17 Prorok Sofoni\u00e1\u0161 \u00fa\u010dinkoval pribli\u017ene v\u00a0tom istom \u010dase ako Jeremi\u00e1\u0161, azda o\u00a0nie\u010do sk\u00f4r. Svoj\u00edm proroctvom pripravil n\u00e1bo\u017eensk\u00fa reformu, ktor\u00fa uskuto\u010dnil kr\u00e1\u013e Jozi\u00e1\u0161. Jeho proroctvo je ve\u013emi optimistick\u00e9 a\u00a0prin\u00e1\u0161a&#8230;<\/p>\n","protected":false},"author":5,"featured_media":4410,"comment_status":"closed","ping_status":"closed","sticky":false,"template":"","format":"standard","meta":{"inline_featured_image":false,"footnotes":""},"categories":[30],"tags":[],"class_list":{"0":"post-3380","1":"post","2":"type-post","3":"status-publish","4":"format-standard","5":"has-post-thumbnail","7":"category-liturgicke-komentare"},"_links":{"self":[{"href":"https:\/\/kbd.sk\/index.php\/wp-json\/wp\/v2\/posts\/3380","targetHints":{"allow":["GET"]}}],"collection":[{"href":"https:\/\/kbd.sk\/index.php\/wp-json\/wp\/v2\/posts"}],"about":[{"href":"https:\/\/kbd.sk\/index.php\/wp-json\/wp\/v2\/types\/post"}],"author":[{"embeddable":true,"href":"https:\/\/kbd.sk\/index.php\/wp-json\/wp\/v2\/users\/5"}],"replies":[{"embeddable":true,"href":"https:\/\/kbd.sk\/index.php\/wp-json\/wp\/v2\/comments?post=3380"}],"version-history":[{"count":2,"href":"https:\/\/kbd.sk\/index.php\/wp-json\/wp\/v2\/posts\/3380\/revisions"}],"predecessor-version":[{"id":4409,"href":"https:\/\/kbd.sk\/index.php\/wp-json\/wp\/v2\/posts\/3380\/revisions\/4409"}],"wp:featuredmedia":[{"embeddable":true,"href":"https:\/\/kbd.sk\/index.php\/wp-json\/wp\/v2\/media\/4410"}],"wp:attachment":[{"href":"https:\/\/kbd.sk\/index.php\/wp-json\/wp\/v2\/media?parent=3380"}],"wp:term":[{"taxonomy":"category","embeddable":true,"href":"https:\/\/kbd.sk\/index.php\/wp-json\/wp\/v2\/categories?post=3380"},{"taxonomy":"post_tag","embeddable":true,"href":"https:\/\/kbd.sk\/index.php\/wp-json\/wp\/v2\/tags?post=3380"}],"curies":[{"name":"wp","href":"https:\/\/api.w.org\/{rel}","templated":true}]}}