{"id":3276,"date":"2021-09-09T20:20:21","date_gmt":"2021-09-09T18:20:21","guid":{"rendered":"https:\/\/kbd.sk\/?p=3276"},"modified":"2024-06-18T10:30:21","modified_gmt":"2024-06-18T08:30:21","slug":"komentar-k-textom-24-nedele","status":"publish","type":"post","link":"https:\/\/kbd.sk\/index.php\/liturgicke-komentare\/komentar-k-textom-24-nedele\/","title":{"rendered":"Koment\u00e1r k textom 24. nedele"},"content":{"rendered":"<p style=\"text-align: justify;\"><strong>Prv\u00e9 \u010d\u00edtanie: Izai\u00e1\u0161 50, 5 \u2013 9a<\/strong><\/p>\n<p style=\"text-align: justify;\">Dne\u0161n\u00e9 prv\u00e9 \u010d\u00edtanie je s\u00fa\u010das\u0165ou Tretej piesne P\u00e1novho slu\u017eobn\u00edka z\u00a0proroka Izai\u00e1\u0161a. V\u00a0p\u00f4vodnom v\u00fdzname tajomnou postavou tohto slu\u017eobn\u00edka mal by\u0165 niekto z\u00a0prorokov alebo dokonca izraelsk\u00fd n\u00e1rod. Vyzna\u010duje sa t\u00fdm, \u017ee vie po\u010d\u00fava\u0165 P\u00e1novo slovo a\u00a0ohlasova\u0165 ho t\u00fdm, ktor\u00ed u\u017e nemaj\u00fa silu \u017ei\u0165 a\u00a0stratili d\u00f4veru k\u00a0Bohu. Vernos\u0165 P\u00e1novho slu\u017eobn\u00edka, ktor\u00fd ohlasuje nov\u00e9 \u010dasy, v\u0161ak nar\u00e1\u017ea na odpor t\u00fdch, ku ktor\u00fdm je poslan\u00fd. A\u00a0predsa, v\u0161etky zvr\u00e1ten\u00e9 snahy ob\u017ealova\u0165 ho a\u00a0ods\u00fadi\u0165 vyjd\u00fa navnivo\u010d, lebo svedkom a\u00a0ru\u010dite\u013eom jeho spravodlivosti a\u00a0nevinnosti je s\u00e1m Boh.<\/p>\n<p style=\"text-align: justify;\"><strong>Druh\u00e9 \u010d\u00edtanie: Jakubov list 2, 14 \u2013 18 <\/strong><\/p>\n<p style=\"text-align: justify;\">Tento \u00faryvok z\u00a0Jakubovho listu je ob\u010das ch\u00e1pan\u00fd ako protiklad k\u00a0Pavlovi, pod\u013ea ktor\u00e9ho je mo\u017en\u00e9 prija\u0165 sp\u00e1su len na z\u00e1klade viery. V\u00a0skuto\u010dnosti r\u00e1zne Jakubove argumenty o\u00a0tom, \u017ee sa na\u0161a viera m\u00e1 prejavova\u0165 skutkami treba \u010d\u00edta\u0165 ako upozornenie pre t\u00fdch, ktor\u00ed slov\u00e1 sv. Pavla prekr\u00facaj\u00fa alebo pr\u00edli\u0161 radikalizuj\u00fa. Opravdiv\u00e1 viera sa toti\u017e mus\u00ed z\u00e1konite prejavova\u0165 konkr\u00e9tnymi \u010dinmi l\u00e1sky, preto\u017ee je to jedin\u00fd prav\u00fd sp\u00f4sob ako vyjadri\u0165 na\u0161u poslu\u0161nos\u0165 vo\u010di Bo\u017eiemu slovu. Inak m\u00f4\u017ee by\u0165 na\u0161a viera \u010d\u00edrou il\u00faziou.<\/p>\n<p style=\"text-align: justify;\"><strong>Evanjelium: Marek 8, 27 \u2013 35<\/strong><\/p>\n<p style=\"text-align: justify;\">V\u00a0doteraj\u0161om evanjeliovom svedectve sa Marek sna\u017eil uk\u00e1za\u0165 Je\u017ei\u0161a ako Mesi\u00e1\u0161a, na ktorom sa vyp\u013a\u0148aj\u00fa v\u0161etky proroctv\u00e1. Na za\u010diatku druhej \u010dasti svojho evanjelia sa zameriava na objasnenie jeho titulu \u201eBo\u017e\u00ed Syn\u201c, ktor\u00fd v\u0161ak Je\u017ei\u0161 nepre\u017e\u00edva ako znamenie sl\u00e1vy a\u00a0\u00faspechu, ale ako pon\u00ed\u017eenie a\u00a0utrpenie.<\/p>\n<p style=\"text-align: justify;\">Na prv\u00fd poh\u013ead je Je\u017ei\u0161 benevolentn\u00fd k\u00a0odpovediam na\u00a0jeho ot\u00e1zku, za koho ho pova\u017euj\u00fa \u013eudia alebo aj u\u010den\u00edci na \u010dele s\u00a0Petrom. Ke\u010f ho v\u0161ak Peter chce ovplyvni\u0165, \u010do m\u00e1 ako Mesi\u00e1\u0161 robi\u0165 alebo vykona\u0165, naraz\u00ed. Dostane od Je\u017ei\u0161a v\u00fd\u010ditku, \u017ee rozpr\u00e1va ako satan a\u00a0vz\u00e1p\u00e4t\u00ed sa obr\u00e1ti k\u00a0z\u00e1stupom. Nehovor\u00ed im o\u00a0te\u00f3ri\u00e1ch za koho ho maj\u00fa poklada\u0165, ale vyz\u00fdva ich, aby sa pripravili na to, \u010do sa bude dia\u0165. Lebo nasledovanie Mesi\u00e1\u0161a mus\u00ed aj bolie\u0165. Preto \u010destne Je\u017ei\u0161 nes\u013eubuje svojim pr\u00edvr\u017eencom sv\u00e4todu\u0161n\u00e9 jasanie, ale sk\u00f4r krv, slzy a\u00a0pot.<\/p>\n<p style=\"text-align: justify;\">\u010co vlastne znamenaj\u00fa jeho slov\u00e1 zaprie\u0165 s\u00e1m seba? A\u017e doteraz Je\u017ei\u0161 nehl\u00e1sal ask\u00e9zu. Naopak, v\u00a0ot\u00e1zke p\u00f4stov sa svojich u\u010den\u00edkov zast\u00e1val a odmietal ak\u00fako\u013evek seba-stredn\u00fa ask\u00e9zu. Pod\u013ea evanjelia prav\u00e1 ask\u00e9za je pr\u00e1cou na sebe, na svojom raste v l\u00e1ske, \u010do zrejme nie je to ist\u00e9 ako vonkaj\u0161kov\u00e9 seba-zaprenie.<\/p>\n<p style=\"text-align: justify;\">Slovo zaprenie pou\u017eije Marek u\u017e iba pri Petrovi. Peter v\u0161ak nezapiera s\u00e1m seba, ale Je\u017ei\u0161a. Pr\u00e1ve vtedy, ke\u010f Je\u017ei\u0161 vyznal, \u017ee je Mesi\u00e1\u0161. Ak ideme e\u0161te \u010falej, tak autentick\u00e9 seba-zaprenie je v\u00a0tomto kontexte protiv\u00e1hou k\u00a0seba-vyzn\u00e1vaniu. Lebo k\u00fdm budeme vyzn\u00e1va\u0165 svoju d\u00f4le\u017eitos\u0165, svoje z\u00e1ujmy \u010di svoju zbo\u017enos\u0165, nasledovanie to nebude. Nasledovanie je nevyzn\u00e1vanie seba v\u00a0praktickom \u017eivote, ako aj vyzn\u00e1vanie Krista v\u00a0tom \u00faplne konkr\u00e9tnom.<\/p>\n<p style=\"text-align: justify;\">sr. Dagmar Kr\u00e1\u013eov\u00e1<\/p>\n","protected":false},"excerpt":{"rendered":"<p>Prv\u00e9 \u010d\u00edtanie: Izai\u00e1\u0161 50, 5 \u2013 9a Dne\u0161n\u00e9 prv\u00e9 \u010d\u00edtanie je s\u00fa\u010das\u0165ou Tretej piesne P\u00e1novho slu\u017eobn\u00edka z\u00a0proroka Izai\u00e1\u0161a. V\u00a0p\u00f4vodnom v\u00fdzname tajomnou postavou tohto slu\u017eobn\u00edka mal by\u0165 niekto z\u00a0prorokov alebo dokonca&#8230;<\/p>\n","protected":false},"author":5,"featured_media":3277,"comment_status":"closed","ping_status":"closed","sticky":false,"template":"","format":"standard","meta":{"inline_featured_image":false,"footnotes":""},"categories":[30],"tags":[],"class_list":{"0":"post-3276","1":"post","2":"type-post","3":"status-publish","4":"format-standard","5":"has-post-thumbnail","7":"category-liturgicke-komentare"},"_links":{"self":[{"href":"https:\/\/kbd.sk\/index.php\/wp-json\/wp\/v2\/posts\/3276","targetHints":{"allow":["GET"]}}],"collection":[{"href":"https:\/\/kbd.sk\/index.php\/wp-json\/wp\/v2\/posts"}],"about":[{"href":"https:\/\/kbd.sk\/index.php\/wp-json\/wp\/v2\/types\/post"}],"author":[{"embeddable":true,"href":"https:\/\/kbd.sk\/index.php\/wp-json\/wp\/v2\/users\/5"}],"replies":[{"embeddable":true,"href":"https:\/\/kbd.sk\/index.php\/wp-json\/wp\/v2\/comments?post=3276"}],"version-history":[{"count":1,"href":"https:\/\/kbd.sk\/index.php\/wp-json\/wp\/v2\/posts\/3276\/revisions"}],"predecessor-version":[{"id":4336,"href":"https:\/\/kbd.sk\/index.php\/wp-json\/wp\/v2\/posts\/3276\/revisions\/4336"}],"wp:featuredmedia":[{"embeddable":true,"href":"https:\/\/kbd.sk\/index.php\/wp-json\/wp\/v2\/media\/3277"}],"wp:attachment":[{"href":"https:\/\/kbd.sk\/index.php\/wp-json\/wp\/v2\/media?parent=3276"}],"wp:term":[{"taxonomy":"category","embeddable":true,"href":"https:\/\/kbd.sk\/index.php\/wp-json\/wp\/v2\/categories?post=3276"},{"taxonomy":"post_tag","embeddable":true,"href":"https:\/\/kbd.sk\/index.php\/wp-json\/wp\/v2\/tags?post=3276"}],"curies":[{"name":"wp","href":"https:\/\/api.w.org\/{rel}","templated":true}]}}