{"id":3270,"date":"2021-09-03T07:50:23","date_gmt":"2021-09-03T05:50:23","guid":{"rendered":"https:\/\/kbd.sk\/?p=3270"},"modified":"2024-06-18T10:30:21","modified_gmt":"2024-06-18T08:30:21","slug":"komentar-k-textom-k-23-nedeli-v-cezrocnom-obdobi","status":"publish","type":"post","link":"https:\/\/kbd.sk\/index.php\/liturgicke-komentare\/komentar-k-textom-k-23-nedeli-v-cezrocnom-obdobi\/","title":{"rendered":"Koment\u00e1r k textom k 23. nedeli v cezro\u010dnom obdob\u00ed"},"content":{"rendered":"<p style=\"text-align: justify;\"><strong>Prv\u00e9 \u010d\u00edtanie: Izai\u00e1\u0161 35, 4 \u2013 7a<\/strong><\/p>\n<p style=\"text-align: justify;\">Protiv\u00e1hou Bo\u017eieho s\u00fadu nad nepriate\u013esk\u00fdmi n\u00e1rodmi vo\u010di Bo\u017eiemu \u013eudu v\u00a0predch\u00e1dzaj\u00facej kapitole Izai\u00e1\u0161a nasleduje oslava vyvolen\u00e9ho n\u00e1roda. Bo\u017eia sp\u00e1sa sa v\u00a0\u0148om opisuje ako dokonal\u00e9 uzdravenie z\u00a0telesn\u00fdch neduhov. V\u00a0s\u0165aby ekologickej v\u00edzii sa dokonca aj pr\u00edroda preb\u00fadza k\u00a0nov\u00e9mu \u017eivotu. Izai\u00e1\u0161 chce t\u00fdmito ide\u00e1lnymi obrazmi op\u00edsa\u0165 pr\u00edchod mesi\u00e1\u0161skeho obdobia, na ktor\u00e9 Je\u017ei\u0161 skuto\u010dne nadvia\u017ee.<\/p>\n<p style=\"text-align: justify;\"><strong>Druh\u00e9 \u010d\u00edtanie: Jakubov list 2, 1 \u2013 5 <\/strong><\/p>\n<p style=\"text-align: justify;\">Jakub adres\u00e1tov svojho listu osobne vyz\u00fdva, aby nerobili rozdiely medzi \u013eu\u010fmi pod\u013ea toho, ko\u013eko m\u00e1 kto majetku. Z\u00a0jeho h\u013eadiska ten, kto svoju pozornos\u0165 venuje bohat\u00fdm a\u00a0prehliada chudobn\u00fdch, ukazuje, \u017ee never\u00ed naozaj v\u00a0Je\u017ei\u0161a Krista. Evidentne nazna\u010duje, \u017ee t\u00fa\u017eba po majetku je jedn\u00fdm z\u00a0najhor\u0161\u00edch poku\u0161en\u00ed, proti ktor\u00fdm brojila v\u00e4\u010d\u0161ina prorokov a ktor\u00fdch u\u010denie Je\u017ei\u0161 zah\u0155\u0148a do kategorick\u00e9ho: \u201eNem\u00f4\u017eete sl\u00fa\u017ei\u0165 Bohu i\u00a0mamone\u201c (Mt 6,24).<\/p>\n<p style=\"text-align: justify;\"><strong>Evanjelium: Marek 7, 31 \u2013 37<\/strong><\/p>\n<p style=\"text-align: justify;\"><em>N\u00e1\u0161 empatick\u00fd Boh<\/em><\/p>\n<p style=\"text-align: justify;\">Niekedy si Je\u017ei\u0161ovu verejn\u00fa \u010dinnos\u0165 predstavujeme dos\u0165 idylicky. Chod\u00ed si po Galilei, u\u010d\u00ed, uzdravuje, rozpr\u00e1va sa s\u00a0\u013eu\u010fmi. V\u00a0dne\u0161nom evanjeliu n\u00e1m Marek svojimi zemepisn\u00fdmi \u00fadajmi nazna\u010duje, \u017ee pri svojom \u00fa\u010dinkovan\u00ed musel niekedy chodi\u0165 riadne naokolo, takmer kr\u00fa\u017ei\u0165 a\u00a0\u017ee sa sna\u017eil nep\u00fata\u0165 pozornos\u0165, ba skr\u00fdva\u0165 a\u00a0svoju \u010dinnos\u0165 utajova\u0165. Mo\u017eno z\u00a0ob\u00e1v \u2013 ako to s\u00a0\u010diernym humorom vyjadril jeden z vyklada\u010dov tejto state \u2013 \u010di Salome nebude znova tancova\u0165&#8230;<\/p>\n<p style=\"text-align: justify;\">Oplat\u00ed sa nevn\u00edma\u0165 evanjelium splo\u0161tene, iba pod\u013ea zau\u017e\u00edvan\u00fdch sch\u00e9m. Preto Marek poskytuje aj podrobn\u00fd popis dvoch najd\u00f4le\u017eitej\u0161\u00edch uzdraven\u00ed: dnes u\u0161\u00ed a jazyka a\u00a0onedlho aj o\u010d\u00ed. A\u00a0ur\u010dite nielen t\u00fdch fyzick\u00fdch, lebo obe uzdravenia bud\u00fa znamen\u00edm \u010dloveka, ba v\u00a0na\u0161om pr\u00edpade aj neveriaceho pohana, ktor\u00fd sa otvor\u00ed pre\u00a0Je\u017ei\u0161a a jeho zves\u0165.<\/p>\n<p style=\"text-align: justify;\">Ak je pravdou, \u010do Marek hovor\u00ed o\u00a0zn\u00e1\u0161an\u00ed v\u0161etk\u00fdch chor\u00fdch z\u00a0okolia na uzdravenie, Je\u017ei\u0161 z\u00a0toho musel by\u0165 riadne unaven\u00fd \u2013 leda\u017ee by sme si jeho uzdravovania predstavovali ako s\u00a0\u010darovn\u00fdm pr\u00fatikom. Vyjadruje to i poctivo zaznamenan\u00fdm Je\u017ei\u0161ov\u00fdm povzdychom, ktor\u00fd nazna\u010duje, \u017ee sa pri uzdraveniach zrejme musel dos\u0165 sna\u017ei\u0165.<\/p>\n<p style=\"text-align: justify;\">Ke\u010f si pozornej\u0161ie v\u0161imneme uzdravenie hluchonem\u00e9ho z\u00a0tejto nedele, d\u00e1 sa vybada\u0165, \u017ee Je\u017ei\u0161 ho rob\u00ed na mieru ka\u017ed\u00e9ho. V\u00a0dne\u0161nom pr\u00edpade napr\u00edklad ch\u00e1pe, \u017ee chor\u00fd bol odp\u00edsan\u00fd nielen zo v\u0161etkej komunik\u00e1cie, ale akejko\u013evek kult\u00fary, ktor\u00e1 sa v\u00a0tom \u010dase odovzd\u00e1vala po\u010d\u00favan\u00edm. Aj preto sa s\u00a0hluchonem\u00fdm dorozumieva na jeho sp\u00f4sob: dot\u00fdka sa jeho zvukovodov, aby chor\u00fd vedel, \u010do mu ide urobi\u0165. A\u00a0preto\u017ee postihnut\u00fd nevedel ani dobre rozpr\u00e1va\u0165, pren\u00e1\u0161a slinu zo svojho jazyka na ten jeho. Vskutku, uzdravovanie ako s\u00a0Harry Potterov\u00fdm pr\u00fatikom by prebiehalo ur\u010dite jednoduch\u0161ie.<\/p>\n<p style=\"text-align: justify;\">Evidentne Je\u017ei\u0161 dok\u00e1\u017ee oslovi\u0165 i\u00a0t\u00fdch, ktor\u00ed boli ku v\u0161etk\u00e9mu hluch\u00ed a\u00a0nechceli alebo nedok\u00e1zali ni\u010d zapo\u010du\u0165. Aj t\u00ed, ktor\u00ed cel\u00fd \u017eivot museli ml\u010da\u0165,\u00a0 u\u017e m\u00f4\u017eu hovori\u0165 a\u00a0spr\u00e1vne. No\u00a0ak pod\u013ea Marka Je\u017ei\u0161 chce, aby uzdraven\u00ed o\u00a0z\u00e1zrakoch nehovorili po celom okol\u00ed, tak asi nie pre svoju ve\u013ek\u00fa \u00fanavu, ale sk\u00f4r preto, aby mal dos\u0165 priestoru aj na vyu\u010dovanie e\u0161te sk\u00f4r, ne\u017e ho jeho nepriatelia dolapia. Je celkom mo\u017en\u00e9, \u017ee ak sa k\u00a0Je\u017ei\u0161ovmu pozemsk\u00e9mu \u017eivotu postav\u00edme re\u00e1lnej\u0161ie, bude sa n\u00e1m \u013eah\u0161ie prij\u00edma\u0165 aj ten n\u00e1\u0161.<\/p>\n<p>&nbsp;<\/p>\n<p style=\"text-align: justify;\"><em><strong>Dagmar Kr\u00e1\u013eov\u00e1<\/strong><\/em><\/p>\n","protected":false},"excerpt":{"rendered":"<p>Prv\u00e9 \u010d\u00edtanie: Izai\u00e1\u0161 35, 4 \u2013 7a Protiv\u00e1hou Bo\u017eieho s\u00fadu nad nepriate\u013esk\u00fdmi n\u00e1rodmi vo\u010di Bo\u017eiemu \u013eudu v\u00a0predch\u00e1dzaj\u00facej kapitole Izai\u00e1\u0161a nasleduje oslava vyvolen\u00e9ho n\u00e1roda. Bo\u017eia sp\u00e1sa sa v\u00a0\u0148om opisuje ako dokonal\u00e9&#8230;<\/p>\n","protected":false},"author":5,"featured_media":3271,"comment_status":"closed","ping_status":"closed","sticky":false,"template":"","format":"standard","meta":{"inline_featured_image":false,"footnotes":""},"categories":[30],"tags":[],"class_list":{"0":"post-3270","1":"post","2":"type-post","3":"status-publish","4":"format-standard","5":"has-post-thumbnail","7":"category-liturgicke-komentare"},"_links":{"self":[{"href":"https:\/\/kbd.sk\/index.php\/wp-json\/wp\/v2\/posts\/3270","targetHints":{"allow":["GET"]}}],"collection":[{"href":"https:\/\/kbd.sk\/index.php\/wp-json\/wp\/v2\/posts"}],"about":[{"href":"https:\/\/kbd.sk\/index.php\/wp-json\/wp\/v2\/types\/post"}],"author":[{"embeddable":true,"href":"https:\/\/kbd.sk\/index.php\/wp-json\/wp\/v2\/users\/5"}],"replies":[{"embeddable":true,"href":"https:\/\/kbd.sk\/index.php\/wp-json\/wp\/v2\/comments?post=3270"}],"version-history":[{"count":1,"href":"https:\/\/kbd.sk\/index.php\/wp-json\/wp\/v2\/posts\/3270\/revisions"}],"predecessor-version":[{"id":4337,"href":"https:\/\/kbd.sk\/index.php\/wp-json\/wp\/v2\/posts\/3270\/revisions\/4337"}],"wp:featuredmedia":[{"embeddable":true,"href":"https:\/\/kbd.sk\/index.php\/wp-json\/wp\/v2\/media\/3271"}],"wp:attachment":[{"href":"https:\/\/kbd.sk\/index.php\/wp-json\/wp\/v2\/media?parent=3270"}],"wp:term":[{"taxonomy":"category","embeddable":true,"href":"https:\/\/kbd.sk\/index.php\/wp-json\/wp\/v2\/categories?post=3270"},{"taxonomy":"post_tag","embeddable":true,"href":"https:\/\/kbd.sk\/index.php\/wp-json\/wp\/v2\/tags?post=3270"}],"curies":[{"name":"wp","href":"https:\/\/api.w.org\/{rel}","templated":true}]}}