{"id":2957,"date":"2024-01-20T08:00:56","date_gmt":"2024-01-20T07:00:56","guid":{"rendered":"https:\/\/kbd.sk\/?p=2957"},"modified":"2024-06-18T10:30:17","modified_gmt":"2024-06-18T08:30:17","slug":"komentare-k-textom-na-3-nedelu-cez-rok-b-nedela-bozieho-slova","status":"publish","type":"post","link":"https:\/\/kbd.sk\/index.php\/liturgicke-komentare\/komentare-k-textom-na-3-nedelu-cez-rok-b-nedela-bozieho-slova\/","title":{"rendered":"Koment\u00e1re k textom na 3. nede\u013eu cez rok \u201eB\u201c (Nede\u013ea Bo\u017eieho slova)"},"content":{"rendered":"<ol>\n<li style=\"text-align: justify;\"><strong><em>\u010d\u00edtanie: <\/em>Jon 3,1-5.10<\/strong><\/li>\n<\/ol>\n<p style=\"text-align: justify;\">Prorok Jon\u00e1\u0161 je vzorom proroka, ktor\u00fd ohlasuje po\u017eiadavku pok\u00e1nia a\u00a0obr\u00e1tenia. Sv\u00e4t\u00e9 p\u00edsmo t\u00fato poz\u00edciu prorokov opisuje ve\u013emi \u010dasto. M\u00f4\u017eeme poveda\u0165, \u017ee ide o\u00a0st\u00e1lu n\u00e1pl\u0148 poslania prorokov. Potvrd\u00ed to aj dne\u0161n\u00e9 evanjelium. K\u00a0podstate prorock\u00e9ho poslania patr\u00ed toti\u017e schopnos\u0165 vidie\u0165 smerovanie \u017eivota jednotlivca aj spolo\u010dnosti. A\u00a0ak tento smer nie je optim\u00e1lne zameran\u00fd na posledn\u00fd cie\u013e, ktor\u00fdm je Boh, potom po\u017eiadavka obr\u00e1tenia vystupuje so v\u0161etkou n\u00e1stoj\u010divos\u0165ou, \u010di je to Nov\u00fd alebo Star\u00fd z\u00e1kon. Jon\u00e1\u0161 je teda aktu\u00e1lny aj dnes.<\/p>\n<p style=\"text-align: justify;\">Mo\u017eno sa p\u00fdta\u0165, \u017ee pre\u010do sa proroci tak ve\u013emi zasadzovali za n\u00e1le\u017eit\u00fd \u017eivotn\u00fd \u0161t\u00fdl svojich s\u00fa\u010dasn\u00edkov? Pre\u010do im tak ve\u013emi z\u00e1le\u017ealo na tom, aby Izrael \u017eil zodpovedne vo\u010di svojim z\u00e1v\u00e4zkom, ku ktor\u00fdm sa zaviazal v\u00a0zmluve s\u00a0Bohom? Pre\u010do teda s\u00a0takou vehemenciou ohlasovali pok\u00e1nie?<\/p>\n<p style=\"text-align: justify;\">Pok\u00e1nie nikdy nebolo ohlasovan\u00e9 samo\u00fa\u010delne. Toti\u017e pok\u00e1nie ako tak\u00e9 nie je v\u00a0 Bo\u017e\u00edch sp\u00e1snych pl\u00e1noch posledn\u00fdm cie\u013eom. Pok\u00e1nie je proces usp\u00f4sobenia na vznik spolo\u010denstva s\u00a0Bohom. Mo\u017eno poveda\u0165, \u017ee pok\u00e1nie je najkrat\u0161ou cestou k\u00a0Bohu. Je to najkrat\u0161ia a\u00a0najr\u00fdchlej\u0161ia cesta k\u00a0Bohu. Iba nerozumn\u00fd be\u017eec na ly\u017eiach na trati zanech\u00e1 stopu a\u00a0chce \u00eds\u0165 inou cestou k\u00a0cie\u013eu. Alebo in\u00fd pr\u00edklad: Ke\u010f v\u00a0kozmickom centre vy\u0161tartuje raketa a\u00a0t\u00e1 raketa ide presne po vypo\u010d\u00edtanej dr\u00e1he k cie\u013eu, v\u0161etci pracovn\u00edci centra si blaho\u017eelaj\u00fa, lebo sa im ide\u00e1lne vydarila tak\u00e1to oper\u00e1cia. Ak sa v\u0161ak stane, \u017ee raketa sa odklon\u00ed od obe\u017enej dr\u00e1hy, v\u0161etci intenz\u00edvne pracuj\u00fa, aby raketu op\u00e4\u0165 dostali do pl\u00e1novanej dr\u00e1hy.<\/p>\n<p style=\"text-align: justify;\">Podobne je to s\u00a0nami a\u00a0na\u0161\u00edm vz\u0165ahom k\u00a0Bohu. Pok\u00e1nie je korekcia vlastn\u00e9ho \u017eivota, vyrovnanie cesty k\u00a0P\u00e1novi tak, aby bola \u010d\u00edm priamej\u0161ia a\u00a0aby sme sa s\u00a0istotou dostali k\u00a0cie\u013eu. Majme preto radi v\u00fdzvy Bo\u017eieho slova k\u00a0pok\u00e1niu a\u00a0zaria\u010fme sa pod\u013ea nich. Neo\u013eutujeme.<\/p>\n<ol style=\"text-align: justify;\" start=\"2\">\n<li><strong><em> \u010d\u00edtanie:<\/em> 1Kor 7,29-31<\/strong><\/li>\n<\/ol>\n<p style=\"text-align: justify;\">Tri ver\u0161e z\u00a0Prv\u00e9ho listu Korin\u0165anom n\u00e1m ukazuj\u00fa apo\u0161tola Pavla v\u00a0jeho n\u00e1zore na podstatu kres\u0165ansk\u00e9ho \u017eivota. Pavol tu v\u00a0\u0161ir\u0161om kontexte vysvet\u013euje ot\u00e1zky man\u017eelstva a\u00a0panenstva. Pavol m\u00e1 n\u00e1zor, \u017ee nie je podstatn\u00e9, \u010di \u010dlovek \u017eije v\u00a0man\u017eelstve alebo nie, ale rozhoduj\u00face je to, \u010di \u017eije so spr\u00e1vne stanoven\u00fdm posledn\u00fdm cie\u013eom: \u010das je kr\u00e1tky, tv\u00e1rnos\u0165 sveta sa pom\u00ed\u0148a, preto je rozhoduj\u00face ma\u0165 presne stanoven\u00fa prioritu a\u00a0tou je prip\u00fatanie sa k\u00a0P\u00e1novi (1Kor 7,35). Skuto\u010dn\u00ed kres\u0165ania s\u00fa teda schopn\u00ed \u017ei\u0165 s\u00a0ur\u010dit\u00fdm nadh\u013eadom svoj pozemsk\u00fd \u010das: staraj\u00fa sa o\u00a0svet, ale smeruj\u00fa do in\u00e9ho sveta, kupuj\u00fa, ale ich myse\u013e je zviazan\u00e1 s\u00a0in\u00fdmi hodnotami, pou\u017e\u00edvaj\u00fa veci tohto sveta, ale nie s\u00fa na ne naviazan\u00ed a\u00a0pre\u017e\u00edvaj\u00fa tak obdivuhodn\u00fa slobodu s\u00a0Bohom.<\/p>\n<p style=\"text-align: justify;\"><strong><em>Evanjelium: <\/em>Mk 1,14-20<\/strong><\/p>\n<p style=\"text-align: justify;\">\u00daryvok z\u00a0Markovho evanjelia opisuje zn\u00e1mu udalos\u0165 \u00favodu Je\u017ei\u0161ovho ohlasovania. Predpokladom pochopenia a\u00a0prijatia evanjelia je pok\u00e1nie. Ono m\u00e1 ve\u013ek\u00fd v\u00fdznam v\u00a0\u017eivote \u010dloveka. V\u0161etko, \u010do \u010dlovek pok\u00e1n\u00edm v\u00a0sebe vytvor\u00ed, predstavuje priestor pre evanjeliov\u00fa blahozves\u0165. Pochop\u00ed ju iba ten, kto je ochotn\u00fd kona\u0165 pok\u00e1nie. Teda z\u00e1kladnou kateg\u00f3riou je tu pok\u00e1nie, \u010di\u017ee obr\u00e1tenie a\u00a0viera v\u00a0evanjelium.<\/p>\n<p style=\"text-align: justify;\">Za t\u00fdm nasleduje opis povolania prv\u00fdch apo\u0161tolov. Podstatn\u00fd d\u00f4raz je polo\u017een\u00fd na slovko \u201ehne\u010f\u201c: \u0160imon a\u00a0Ondrej <em>hne\u010f<\/em> zanechali siete a\u00a0\u0161li za Je\u017ei\u0161om. Jakuba a\u00a0J\u00e1na Zebedejovho Je\u017ei\u0161 <em>hne\u010f<\/em> povolal&#8230; To evanjeliov\u00e9 <em>hne\u010f<\/em> je aj pre n\u00e1s na za\u010diatku sledovania Je\u017ei\u0161ovej verejnej \u010dinnosti aktu\u00e1lne. Nejestvuje \u017eiaden rozumn\u00fd d\u00f4vod odklada\u0165 obr\u00e1tenie, odklada\u0165 pok\u00e1nie na neskor\u0161ie \u010dasy, preto\u017ee pred pon\u00fakanou evanjeliovou zves\u0165ou nie je mo\u017en\u00e9 uprednostni\u0165 ni\u010d.<\/p>\n<p style=\"text-align: justify;\"><strong><em>Mons. Anton Tyrol<\/em><\/strong><\/p>\n","protected":false},"excerpt":{"rendered":"<p>\u010d\u00edtanie: Jon 3,1-5.10 Prorok Jon\u00e1\u0161 je vzorom proroka, ktor\u00fd ohlasuje po\u017eiadavku pok\u00e1nia a\u00a0obr\u00e1tenia. Sv\u00e4t\u00e9 p\u00edsmo t\u00fato poz\u00edciu prorokov opisuje ve\u013emi \u010dasto. M\u00f4\u017eeme poveda\u0165, \u017ee ide o\u00a0st\u00e1lu n\u00e1pl\u0148 poslania prorokov. Potvrd\u00ed&#8230;<\/p>\n","protected":false},"author":5,"featured_media":2958,"comment_status":"closed","ping_status":"closed","sticky":false,"template":"","format":"standard","meta":{"inline_featured_image":false,"footnotes":""},"categories":[30],"tags":[],"class_list":{"0":"post-2957","1":"post","2":"type-post","3":"status-publish","4":"format-standard","5":"has-post-thumbnail","7":"category-liturgicke-komentare"},"_links":{"self":[{"href":"https:\/\/kbd.sk\/index.php\/wp-json\/wp\/v2\/posts\/2957","targetHints":{"allow":["GET"]}}],"collection":[{"href":"https:\/\/kbd.sk\/index.php\/wp-json\/wp\/v2\/posts"}],"about":[{"href":"https:\/\/kbd.sk\/index.php\/wp-json\/wp\/v2\/types\/post"}],"author":[{"embeddable":true,"href":"https:\/\/kbd.sk\/index.php\/wp-json\/wp\/v2\/users\/5"}],"replies":[{"embeddable":true,"href":"https:\/\/kbd.sk\/index.php\/wp-json\/wp\/v2\/comments?post=2957"}],"version-history":[{"count":1,"href":"https:\/\/kbd.sk\/index.php\/wp-json\/wp\/v2\/posts\/2957\/revisions"}],"predecessor-version":[{"id":4221,"href":"https:\/\/kbd.sk\/index.php\/wp-json\/wp\/v2\/posts\/2957\/revisions\/4221"}],"wp:featuredmedia":[{"embeddable":true,"href":"https:\/\/kbd.sk\/index.php\/wp-json\/wp\/v2\/media\/2958"}],"wp:attachment":[{"href":"https:\/\/kbd.sk\/index.php\/wp-json\/wp\/v2\/media?parent=2957"}],"wp:term":[{"taxonomy":"category","embeddable":true,"href":"https:\/\/kbd.sk\/index.php\/wp-json\/wp\/v2\/categories?post=2957"},{"taxonomy":"post_tag","embeddable":true,"href":"https:\/\/kbd.sk\/index.php\/wp-json\/wp\/v2\/tags?post=2957"}],"curies":[{"name":"wp","href":"https:\/\/api.w.org\/{rel}","templated":true}]}}