{"id":2929,"date":"2024-01-13T08:00:23","date_gmt":"2024-01-13T07:00:23","guid":{"rendered":"https:\/\/kbd.sk\/?p=2929"},"modified":"2024-06-18T10:30:17","modified_gmt":"2024-06-18T08:30:17","slug":"komentare-k-textom-na-2-nedelu-cez-rok-b","status":"publish","type":"post","link":"https:\/\/kbd.sk\/index.php\/liturgicke-komentare\/komentare-k-textom-na-2-nedelu-cez-rok-b\/","title":{"rendered":"Koment\u00e1re k textom na 2. nede\u013eu cez rok \u201eB\u201c"},"content":{"rendered":"<ol>\n<li style=\"text-align: justify;\"><strong><em> \u010d\u00edtanie: <\/em>1Sam 3,3b-10.19<\/strong><\/li>\n<\/ol>\n<p style=\"text-align: justify;\">Potom, \u010do sme pre\u017eili viano\u010dn\u00e9 obdobie a\u00a0za\u010dali toto cezro\u010dn\u00e9 obdobie, m\u00f4\u017eeme druh\u00fa nede\u013eu cez rok e\u0161te st\u00e1le pova\u017eova\u0165 za \u00favodn\u00fa nede\u013eu. V\u00a0evanjeliu sa n\u00e1m predstavuje P\u00e1n Je\u017ei\u0161 vo svojej po\u010diato\u010dnej f\u00e1ze ohlasovania evanjelia. Staroz\u00e1konn\u00fd pr\u00edbeh proroka Samuela je v\u00fdre\u010dn\u00fdm predobrazom a\u00a0vzorom n\u00e1\u0161ho najlep\u0161ieho postoja vo\u010di Je\u017ei\u0161ovi Kristovi, ktor\u00fd n\u00e1s poz\u00fdva pozorne po\u010d\u00fava\u0165 Bo\u017eie slovo.<br \/>\nV\u00a0biblick\u00fdch textoch m\u00e1me mnoho bezprostredn\u00fdch opisov povolania \u010dloveka do v\u00fdhradnej slu\u017eby Bohu. Jednou z\u00a0najp\u00f4sobivej\u0161\u00edch je spr\u00e1va o\u00a0povolan\u00ed mlad\u00e9ho Samuela. Ukazuje n\u00e1m, ako sa Samuel nau\u010dil po\u010d\u00fava\u0165 Bo\u017e\u00ed hlas, pri\u010dom v\u00fdznamn\u00fa \u00falohu tu zohral dobr\u00fd k\u0148az H\u00e9li a\u00a0e\u0161te predt\u00fdm Samuelovi rodi\u010dia. Ak\u00fd kr\u00e1sny pr\u00edklad tu m\u00e1me aj pre na\u0161e rodiny a\u00a0farnosti: Dobr\u00fd k\u0148az a\u00a0dobr\u00ed rodi\u010dia&#8230; Dal by P\u00e1n Boh, aby ich bolo \u010d\u00edm viac.<br \/>\nDobre si tie\u017e v\u0161imnime samotn\u00e9ho Samuela. Odmali\u010dka bol vychov\u00e1van\u00fd v\u00a0horlivej slu\u017ebe Bohu. Autor Prvej Samuelovej knihy na konci dne\u0161n\u00e9ho \u00faryvku kon\u0161tatuje, \u017ee Samuel <em>nedal padn\u00fa\u0165 na zem ani jedn\u00e9mu z\u00a0jeho slov <\/em>(1Sam 3,19). To m\u00f4\u017eeme rozumie\u0165 aj my ako \u0161peci\u00e1lny podnet pre o\u017eivenie duchovn\u00e9ho \u017eivota n\u00e1s samotn\u00fdch. Usilujme sa preto nov\u00fd liturgick\u00fd okruh Je\u017ei\u0161ovho ohlasovania pre\u017e\u00edva\u0165 tak, aby ani v\u00a0na\u0161om pr\u00edpade Bo\u017eie slovo nepadlo na zem, ale do n\u00e1\u0161ho otvoren\u00e9ho srdca.<\/p>\n<p style=\"text-align: justify;\"><strong><em>\u00a02. <\/em><em>\u010d\u00edtanie:<\/em> 1Kor 6,13c-15a.17-20<\/strong><\/p>\n<p style=\"text-align: justify;\">Apo\u0161tol Pavol nap\u00edsal svoj Prv\u00fd list Korin\u0165anom ako odpove\u010f na rozli\u010dn\u00e9 ot\u00e1zky Korin\u0165anov, medziin\u00fdm aj o\u00a0rozli\u010dn\u00fdch mor\u00e1lnych probl\u00e9moch. V\u00a0dne\u0161nom druhom \u010d\u00edtan\u00ed zaznela Pavlova \u201eteol\u00f3gia \u013eudsk\u00e9ho tela\u201c. Telo nie je na smilstvo, ako \u017eal\u00fadok je na jedenie a\u00a0pitie. \u013dudsk\u00e9 telo je ur\u010den\u00e9 na to, aby v\u00a0\u0148om bol P\u00e1nov Duch, a\u00a0teda aby telo bolo chr\u00e1mom Ducha Sv\u00e4t\u00e9ho. Tu spom\u00ednan\u00e9 smilstvo treba ch\u00e1pa\u0165 vo\u00a0vlastnom slovnom v\u00fdzname. Nejde teda o\u00a0smilstvo v\u00a0zmysle kla\u0148ania sa cudz\u00edm bohom, ale o\u00a0\u013eudsk\u00e9 telo, ktor\u00e9 m\u00e1me ma\u0165 v\u00a0\u00facte a\u00a0v\u00a0mor\u00e1lnej \u010distote tak vo vz\u0165ahu k\u00a0sebe sam\u00e9mu, ako aj vo vz\u0165ahu k\u00a0druh\u00fdm. Toti\u017e \u013eudsk\u00e9 telo je ur\u010den\u00e9 na vzkriesenie a\u00a0osl\u00e1venie. M\u00e1me teda oslavova\u0165 Boha vo svojom tele.<\/p>\n<p style=\"text-align: justify;\"><strong><em>Evanjelium: <\/em>Jn 1,35-42<\/strong><\/p>\n<p style=\"text-align: justify;\">Evanjelista J\u00e1n zachyt\u00e1va P\u00e1na Je\u017ei\u0161a ako pomerne m\u00e1lo zn\u00e1meho, ako si e\u0161te len h\u013ead\u00e1 svojich u\u010den\u00edkov. J\u00e1n Krstite\u013e ho v\u0161ak u\u017e spoznal a\u00a0predstavil svojim spolo\u010dn\u00edkom pomocou mesi\u00e1\u0161skeho titulu: <em>H\u013ea, Bo\u017e\u00ed Bar\u00e1nok.<\/em> Potom u\u017e nasleduje rozhovor Je\u017ei\u0161a a\u00a0J\u00e1nov\u00fdch u\u010den\u00edkov. Ot\u00e1zka: <em>U\u010dite\u013e, kde b\u00fdva\u0161?<\/em> je v\u00a0tomto \u00faryvku k\u013e\u00fa\u010dov\u00e1. Znamen\u00e1 ot\u00e1zku u\u010den\u00edkov nielen na bydlisko, ale predov\u0161etk\u00fdm na jeho duchovn\u00fd svet, na jeho posolstvo a\u00a0u\u010denie&#8230; A Je\u017ei\u0161ova odpove\u010f tie\u017e smeruje k\u00a0tomuto druh\u00e9mu v\u00fdznamu slova \u201eb\u00fdva\u0165\u201c: <em>Po\u010fte a\u00a0uvid\u00edte&#8230;<\/em> Je to pozvanie k\u00a0viere a\u00a0k\u00a0duchovn\u00e9mu \u017eivotu. Vtedy sa t\u00e1to veta pou\u017e\u00edvala ako zau\u017e\u00edvan\u00e1 formula rab\u00ednov, ktor\u00ed v\u00a0\u0161kole poz\u00fdvali svojich \u017eiakov k\u00a0sebe, ke\u010f im chceli uk\u00e1za\u0165 nejak\u00e9 d\u00f4le\u017eit\u00e9 miesto v\u00a0P\u00edsme.<br \/>\nTo, \u017ee sa tento pekn\u00fd \u00faryvok \u010d\u00edta prakticky na za\u010diatku obdobia cez rok, mo\u017eno ch\u00e1pa\u0165 aj ako pozvanie k\u00a0intenz\u00edvnemu liturgick\u00e9mu \u017eivotu, ktor\u00fd m\u00f4\u017ee by\u0165 dobr\u00fdm \u201ekompasom\u201c n\u00e1\u0161ho osobn\u00e9ho duchovn\u00e9ho \u017eivota.<br \/>\nAj n\u00e1s teda poz\u00fdva liturgia tohto za\u010d\u00ednaj\u00faceho cezro\u010dn\u00e9ho obdobia k\u00a0nasledovaniu Je\u017ei\u0161a. Aj my polo\u017eme ot\u00e1zku Je\u017ei\u0161ovi: U\u010dite\u013e, kde b\u00fdva\u0161? Kde je tvoj svet? O\u00a0\u010do n\u00e1m m\u00e1 \u00eds\u0165? \u010co je v\u00a0teraj\u0161ej situ\u00e1cii najd\u00f4le\u017eitej\u0161ie? \u010co dobr\u00e9 m\u00f4\u017eeme pr\u00e1ve dnes urobi\u0165 pre \u0161\u00edrenie Bo\u017eieho kr\u00e1\u013eovstva? &#8230;<br \/>\nBoh n\u00e1s v\u0161etk\u00fdch poz\u00fdva slovami: <em>Po\u010fte a\u00a0uvid\u00edte&#8230;<\/em> Poz\u00fdva n\u00e1s k\u00a0tomu, aby sme dobre z\u00fa\u017eitkovali tento zvl\u00e1\u0161tny \u010das a\u00a0spoznali Bo\u017eie znamenia na\u0161ich \u010dias.<\/p>\n<p style=\"text-align: justify;\"><strong><em>Mons. Anton Tyrol<\/em><\/strong><\/p>\n","protected":false},"excerpt":{"rendered":"<p>\u010d\u00edtanie: 1Sam 3,3b-10.19 Potom, \u010do sme pre\u017eili viano\u010dn\u00e9 obdobie a\u00a0za\u010dali toto cezro\u010dn\u00e9 obdobie, m\u00f4\u017eeme druh\u00fa nede\u013eu cez rok e\u0161te st\u00e1le pova\u017eova\u0165 za \u00favodn\u00fa nede\u013eu. V\u00a0evanjeliu sa n\u00e1m predstavuje P\u00e1n Je\u017ei\u0161&#8230;<\/p>\n","protected":false},"author":5,"featured_media":2930,"comment_status":"closed","ping_status":"closed","sticky":false,"template":"","format":"standard","meta":{"inline_featured_image":false,"footnotes":""},"categories":[30],"tags":[],"class_list":{"0":"post-2929","1":"post","2":"type-post","3":"status-publish","4":"format-standard","5":"has-post-thumbnail","7":"category-liturgicke-komentare"},"_links":{"self":[{"href":"https:\/\/kbd.sk\/index.php\/wp-json\/wp\/v2\/posts\/2929","targetHints":{"allow":["GET"]}}],"collection":[{"href":"https:\/\/kbd.sk\/index.php\/wp-json\/wp\/v2\/posts"}],"about":[{"href":"https:\/\/kbd.sk\/index.php\/wp-json\/wp\/v2\/types\/post"}],"author":[{"embeddable":true,"href":"https:\/\/kbd.sk\/index.php\/wp-json\/wp\/v2\/users\/5"}],"replies":[{"embeddable":true,"href":"https:\/\/kbd.sk\/index.php\/wp-json\/wp\/v2\/comments?post=2929"}],"version-history":[{"count":1,"href":"https:\/\/kbd.sk\/index.php\/wp-json\/wp\/v2\/posts\/2929\/revisions"}],"predecessor-version":[{"id":4222,"href":"https:\/\/kbd.sk\/index.php\/wp-json\/wp\/v2\/posts\/2929\/revisions\/4222"}],"wp:featuredmedia":[{"embeddable":true,"href":"https:\/\/kbd.sk\/index.php\/wp-json\/wp\/v2\/media\/2930"}],"wp:attachment":[{"href":"https:\/\/kbd.sk\/index.php\/wp-json\/wp\/v2\/media?parent=2929"}],"wp:term":[{"taxonomy":"category","embeddable":true,"href":"https:\/\/kbd.sk\/index.php\/wp-json\/wp\/v2\/categories?post=2929"},{"taxonomy":"post_tag","embeddable":true,"href":"https:\/\/kbd.sk\/index.php\/wp-json\/wp\/v2\/tags?post=2929"}],"curies":[{"name":"wp","href":"https:\/\/api.w.org\/{rel}","templated":true}]}}