{"id":2891,"date":"2026-01-05T07:00:10","date_gmt":"2026-01-05T06:00:10","guid":{"rendered":"https:\/\/kbd.sk\/?p=2891"},"modified":"2026-01-11T13:50:15","modified_gmt":"2026-01-11T12:50:15","slug":"komentar-k-sv-zjavenia-pana","status":"publish","type":"post","link":"https:\/\/kbd.sk\/index.php\/liturgicke-komentare\/komentar-k-sv-zjavenia-pana\/","title":{"rendered":"Koment\u00e1r k sv. Zjavenia P\u00e1na"},"content":{"rendered":"<p style=\"text-align: justify;\"><strong>Prv\u00e9 \u010d\u00edtanie: Iz 60,1-6<\/strong><\/p>\n<p style=\"text-align: justify;\">Izai\u00e1\u0161 v\u00a0tomto \u010d\u00edtan\u00ed vo svojom prorockom viden\u00ed opisuje putovanie ve\u013ek\u00fdch z\u00e1stupov do Jeruzalema. Nielen synov a\u00a0dc\u00e9ry Izraela, ale aj pr\u00edslu\u0161n\u00edkov v\u0161etk\u00fdch ostatn\u00fdch n\u00e1rodov. Pri\u0165ahuje ich Bo\u017eie svetlo a\u00a0sl\u00e1va. Pod\u013ea neho kon\u010d\u00ed doba sm\u00fatku. Treba povsta\u0165 z\u00a0pesimizmu a\u00a0individualizmu, lebo nastal \u010das radosti a\u00a0n\u00e1deje.<\/p>\n<p style=\"text-align: justify;\">U\u017e pod\u013ea Izai\u00e1\u0161a s\u00fa povolan\u00e9 v\u0161etky n\u00e1rody, aby boli o\u017eiaren\u00e9 svetlom nebesk\u00e9ho Jeruzalema a\u00a0pr\u00edtomnos\u0165ou Boha, ktor\u00fd preb\u00fdva so svoj\u00edm \u013eudom. Evanjelisti vidia naplnenie tejto predpovede pr\u00e1ve v\u00a0naroden\u00ed Je\u017ei\u0161a.<\/p>\n<p style=\"text-align: justify;\"><strong>Druh\u00e9 \u010d\u00edtanie: Ef 3,2-3a.5-6<\/strong><\/p>\n<p style=\"text-align: justify;\">Pod\u013ea sv. Pavla sa napl\u0148uje Bo\u017e\u00ed pl\u00e1n sp\u00e1sy, ktor\u00fd sa t\u00fdka cel\u00e9ho \u013eudstva a\u00a0on, jeho apo\u0161tol, spolupracuje na jej ohlasovan\u00ed. Hovor\u00ed, \u017ee pohania maj\u00fa tie ist\u00e9 dedi\u010dsk\u00e9 pr\u00e1va ako Izrael. Znamen\u00edm tohto v\u0161eobecn\u00e9ho pl\u00e1nu sp\u00e1sy m\u00e1 by\u0165 Cirkev. Ona, napriek v\u0161etk\u00fdm \u0165a\u017ekostiam a\u00a0krehkosti je nielen znamen\u00edm, ale aj n\u00e1strojom, cez ktor\u00fd sa uskuto\u010d\u0148uje v\u0161eobsiahly z\u00e1mer sp\u00e1sy Boha. Cirkev m\u00e1 priv\u00e1dza\u0165 v\u0161etk\u00fdch \u013eud\u00ed k\u00a0viere v\u00a0Je\u017ei\u0161a Krista a\u00a0napriek v\u0161etk\u00fdm rozdielom a\u00a0prek\u00e1\u017ekam budova\u0165 spolo\u010denstv\u00e1 viery, n\u00e1deje a\u00a0l\u00e1sky,\u00a0opravdiv\u00e9 bratstvo. Lebo iba v\u00a0spojen\u00ed s\u00a0Kristom m\u00f4\u017eu \u013eudia nadobudn\u00fa\u0165 skuto\u010dn\u00fa a trval\u00fa jednotu aj medzi sebou.<\/p>\n<p style=\"text-align: justify;\"><strong>Evanjelium: Mt 2,1-12<\/strong><\/p>\n<p style=\"text-align: justify;\">Zvestovanie narodenia P\u00e1na u\u00a0Mat\u00fa\u0161a sa deje v\u00a0centre politickej moci, v\u00a0Jeruzaleme, pred kr\u00e1\u013eom Herodesom. No jeho n\u00e1jdenie sa uskuto\u010dn\u00ed v\u00a0prostej jednoduchosti t\u00fdmi, ktor\u00ed uva\u017euj\u00fa a h\u013eadaj\u00fa. Ale aj t\u00ed ku svojej\u00a0dobrej v\u00f4li potrebuj\u00fa na jeho objavenie svetlo Bo\u017eieho slova, ktor\u00fdm ve\u013ek\u0148azi definovali miesto jeho narodenia.<\/p>\n<p style=\"text-align: justify;\">Pr\u00edchod mudrcov do Betlehema je ako pr\u00edlet prvej lastovi\u010dky, s\u00a0ktorou definit\u00edvne prich\u00e1dza i jar. Mudrci s\u00fa znamen\u00edm v\u0161etk\u00fdch n\u00e1rodov, ktor\u00e9 raz pr\u00eddu ku Kristovi. Za Izrael prich\u00e1dzaj\u00fa marginalizovan\u00ed pastieri a\u00a0za\u00a0pohanov vzdelanci, ktor\u00ed h\u013eadaj\u00fa prav\u00e9 hodnoty. No aj pastieri sa st\u00e1vaj\u00fa m\u00fadrymi, lebo dok\u00e1zali po\u010d\u00fava\u0165 a\u00a0h\u013eada\u0165. Betlehemsk\u00e9 die\u0165a prin\u00e1\u0161a jedn\u00fdm i\u00a0druh\u00fdm radostn\u00fa spr\u00e1vu. Mus\u00ed v\u0161ak \u010doskoro na seba vzia\u0165 podobu vyhnanca a\u00a0utiec\u0165 do Egypta. Mesi\u00e1\u0161 bol a\u00a0zostane vyh\u013ead\u00e1van\u00fd a\u00a0tie\u017e odmietan\u00fd.<\/p>\n<p style=\"text-align: justify;\">Mudrci pri jasliach stoja v\u00a0\u010dele ve\u013ek\u00e9ho mno\u017estva \u201eprav\u00fdch Bo\u017e\u00edch ctite\u013eov\u201c, ktor\u00ed po\u010d\u00favaj\u00fa vo svojom vn\u00fatri Bo\u017e\u00ed hlas. L\u00e1skypln\u00e9 zjednotenie v\u0161etk\u00fdch n\u00e1rodov sa deje cez Bo\u017eie slovo. Duch Sv\u00e4t\u00fd ho rozsieva do s\u0155dc a\u00a0Cirkev zbiera jeho plody. V\u00a0jeho sile je na\u0161\u00edm poslan\u00edm milova\u0165 a\u00a0zost\u00e1va\u0165 v\u00a0jednote medzi sebou.<\/p>\n<p style=\"text-align: justify;\"><em><strong>Sr. Dagmar Kr\u00e1\u013eov\u00e1<\/strong><\/em><\/p>\n<div id=\"attachment_2892\" style=\"width: 198px\" class=\"wp-caption alignleft\"><img loading=\"lazy\" decoding=\"async\" aria-describedby=\"caption-attachment-2892\" class=\"wp-image-2892\" src=\"https:\/\/kbd.sk\/wp-content\/uploads\/2021\/01\/Kaplnka-jaskyne-mlieka-300x224.jpg\" alt=\"\" width=\"188\" height=\"140\" \/><p id=\"caption-attachment-2892\" class=\"wp-caption-text\">Kaplnka jaskyne mlieka<\/p><\/div>\n<div id=\"attachment_2893\" style=\"width: 197px\" class=\"wp-caption alignleft\"><img loading=\"lazy\" decoding=\"async\" aria-describedby=\"caption-attachment-2893\" class=\" wp-image-2893\" src=\"https:\/\/kbd.sk\/wp-content\/uploads\/2021\/01\/sv.-rodina-na-uteku-300x224.jpg\" alt=\"\" width=\"187\" height=\"140\" srcset=\"https:\/\/kbd.sk\/wp-content\/uploads\/2021\/01\/sv.-rodina-na-uteku-300x224.jpg 300w, https:\/\/kbd.sk\/wp-content\/uploads\/2021\/01\/sv.-rodina-na-uteku-600x449.jpg 600w, https:\/\/kbd.sk\/wp-content\/uploads\/2021\/01\/sv.-rodina-na-uteku-1024x766.jpg 1024w, https:\/\/kbd.sk\/wp-content\/uploads\/2021\/01\/sv.-rodina-na-uteku-768x575.jpg 768w, https:\/\/kbd.sk\/wp-content\/uploads\/2021\/01\/sv.-rodina-na-uteku-1536x1149.jpg 1536w, https:\/\/kbd.sk\/wp-content\/uploads\/2021\/01\/sv.-rodina-na-uteku-2048x1532.jpg 2048w\" sizes=\"auto, (max-width: 187px) 100vw, 187px\" \/><p id=\"caption-attachment-2893\" class=\"wp-caption-text\">sv. Rodina na \u00fateku<\/p><\/div>\n<p><img loading=\"lazy\" decoding=\"async\" class=\" wp-image-2894\" src=\"https:\/\/kbd.sk\/wp-content\/uploads\/2021\/01\/vybudovana-s-prispenim-SK-300x224.jpg\" alt=\"\" width=\"189\" height=\"141\" srcset=\"https:\/\/kbd.sk\/wp-content\/uploads\/2021\/01\/vybudovana-s-prispenim-SK-300x224.jpg 300w, https:\/\/kbd.sk\/wp-content\/uploads\/2021\/01\/vybudovana-s-prispenim-SK-600x449.jpg 600w, https:\/\/kbd.sk\/wp-content\/uploads\/2021\/01\/vybudovana-s-prispenim-SK-1024x766.jpg 1024w, https:\/\/kbd.sk\/wp-content\/uploads\/2021\/01\/vybudovana-s-prispenim-SK-768x575.jpg 768w, https:\/\/kbd.sk\/wp-content\/uploads\/2021\/01\/vybudovana-s-prispenim-SK-1536x1149.jpg 1536w, https:\/\/kbd.sk\/wp-content\/uploads\/2021\/01\/vybudovana-s-prispenim-SK-2048x1532.jpg 2048w\" sizes=\"auto, (max-width: 189px) 100vw, 189px\" \/><\/p>\n","protected":false},"excerpt":{"rendered":"<p>Prv\u00e9 \u010d\u00edtanie: Iz 60,1-6 Izai\u00e1\u0161 v\u00a0tomto \u010d\u00edtan\u00ed vo svojom prorockom viden\u00ed opisuje putovanie ve\u013ek\u00fdch z\u00e1stupov do Jeruzalema. Nielen synov a\u00a0dc\u00e9ry Izraela, ale aj pr\u00edslu\u0161n\u00edkov v\u0161etk\u00fdch ostatn\u00fdch n\u00e1rodov. Pri\u0165ahuje ich Bo\u017eie&#8230;<\/p>\n","protected":false},"author":5,"featured_media":2895,"comment_status":"closed","ping_status":"closed","sticky":false,"template":"","format":"standard","meta":{"inline_featured_image":false,"footnotes":""},"categories":[30],"tags":[],"class_list":{"0":"post-2891","1":"post","2":"type-post","3":"status-publish","4":"format-standard","5":"has-post-thumbnail","7":"category-liturgicke-komentare"},"_links":{"self":[{"href":"https:\/\/kbd.sk\/index.php\/wp-json\/wp\/v2\/posts\/2891","targetHints":{"allow":["GET"]}}],"collection":[{"href":"https:\/\/kbd.sk\/index.php\/wp-json\/wp\/v2\/posts"}],"about":[{"href":"https:\/\/kbd.sk\/index.php\/wp-json\/wp\/v2\/types\/post"}],"author":[{"embeddable":true,"href":"https:\/\/kbd.sk\/index.php\/wp-json\/wp\/v2\/users\/5"}],"replies":[{"embeddable":true,"href":"https:\/\/kbd.sk\/index.php\/wp-json\/wp\/v2\/comments?post=2891"}],"version-history":[{"count":1,"href":"https:\/\/kbd.sk\/index.php\/wp-json\/wp\/v2\/posts\/2891\/revisions"}],"predecessor-version":[{"id":4224,"href":"https:\/\/kbd.sk\/index.php\/wp-json\/wp\/v2\/posts\/2891\/revisions\/4224"}],"wp:featuredmedia":[{"embeddable":true,"href":"https:\/\/kbd.sk\/index.php\/wp-json\/wp\/v2\/media\/2895"}],"wp:attachment":[{"href":"https:\/\/kbd.sk\/index.php\/wp-json\/wp\/v2\/media?parent=2891"}],"wp:term":[{"taxonomy":"category","embeddable":true,"href":"https:\/\/kbd.sk\/index.php\/wp-json\/wp\/v2\/categories?post=2891"},{"taxonomy":"post_tag","embeddable":true,"href":"https:\/\/kbd.sk\/index.php\/wp-json\/wp\/v2\/tags?post=2891"}],"curies":[{"name":"wp","href":"https:\/\/api.w.org\/{rel}","templated":true}]}}