{"id":2841,"date":"2023-12-16T08:00:31","date_gmt":"2023-12-16T07:00:31","guid":{"rendered":"https:\/\/kbd.sk\/?p=2841"},"modified":"2024-06-18T10:30:17","modified_gmt":"2024-06-18T08:30:17","slug":"komentar-k-textom-na-3-adventnu-nedelu-cez-rok-b","status":"publish","type":"post","link":"https:\/\/kbd.sk\/index.php\/liturgicke-komentare\/komentar-k-textom-na-3-adventnu-nedelu-cez-rok-b\/","title":{"rendered":"Koment\u00e1r k textom na 3. adventn\u00fa nede\u013eu &#8211; rok \u201eB\u201c"},"content":{"rendered":"<p style=\"text-align: justify;\"><strong><em>Bo\u017eia rados\u0165 \u2013 na\u0161a rados\u0165<\/em><\/strong><\/p>\n<p style=\"text-align: justify;\"><strong>Prv\u00e9 \u010d\u00edtanie: Iz 61,1-2a.10-11<\/strong><\/p>\n<p style=\"text-align: justify;\">Zd\u00e1 sa, \u017ee prv\u00e9 dva ver\u0161e tohto proroctva s\u00fa Izai\u00e1\u0161ovou spomienkou na vlastn\u00fd z\u00e1\u017eitok. V\u00a0nazaretskej synag\u00f3ge si tie ist\u00e9 slov\u00e1 na seba vztiahne Je\u017ei\u0161 \/Lk 4,18-19\/. Prorok v\u00a0nich predstavuje seba ako toho, v\u00a0ktorom preb\u00fdva Duch Sv\u00e4t\u00fd, pomazal ho a\u00a0poslal. Toto Bo\u017eie pomazanie, od ktor\u00e9ho je odvoden\u00e9 aj slovo mesi\u00e1\u0161, ho posv\u00e4cuje a\u00a0preto patr\u00ed Bohu. Kto v\u0161ak patr\u00ed Bohu, z\u00e1rove\u0148 patr\u00ed i\u00a0v\u0161etk\u00fdm \u013eu\u010fom a\u00a0je poslan\u00fd zvestova\u0165 im radostn\u00fa zves\u0165. Nie hocikomu, ale t\u00fdm, ktor\u00ed s\u00fa pokorn\u00ed; t\u00fdm, ktor\u00fdm puk\u00e1 srdce; zotro\u010den\u00fdm, v\u00e4znen\u00fdm&#8230; Boh na nich nezabudol a\u00a0ide im v\u0161etk\u00fdm, cel\u00e9mu spolo\u010denstvu v\u00a0\u00fastrety \u010dasom milosti. A\u00a0nie hocijako, ale s\u00a0rados\u0165ou.<\/p>\n<p style=\"text-align: justify;\"><strong>Druh\u00e9 \u010d\u00edtanie: 1Sol 5,16-24<\/strong><\/p>\n<p style=\"text-align: justify;\">Jadrom t\u00fdchto Pavlov\u00fdch slov je povzbudenie k\u00a0radosti, k\u00a0modlitbe a\u00a0k\u00a0vzd\u00e1vaniu v\u010faky, ktor\u00e9 s\u00fa pre n\u00e1s kres\u0165anov Bo\u017eou v\u00f4\u013eou vo v\u0161etk\u00fdch \u017eivotn\u00fdch podmienkach. V\u00a0podstate s\u00fa to ve\u013emi pr\u00edjemn\u00e9 postoje, ktor\u00fdch sa nemus\u00edme b\u00e1\u0165, aj ke\u010f sa pri ich nadob\u00fadan\u00ed nevyhneme n\u00e1mahe. A\u00a0ak k\u00a0tomu prid\u00e1me bdelos\u0165 na P\u00e1nov ohe\u0148, na hnutia k dobru zvonka i\u00a0zn\u00fatra, na svetlo jeho vnuknut\u00ed a\u00a0budeme prem\u00fd\u0161\u013ea\u0165 nielen hlavou, ale i\u00a0srdcom, P\u00e1nova vernos\u0165 n\u00e1m ur\u010dite ned\u00e1 ko\u0161om.<\/p>\n<p style=\"text-align: justify;\"><strong>Evanjelium: Jn 1,6-8.19-28<\/strong><\/p>\n<p style=\"text-align: justify;\">Jadro dne\u0161n\u00e9ho evanjeliov\u00e9ho \u00faryvku je tesne sp\u00e4t\u00e9 so slovami o\u00a0J\u00e1novi Krstite\u013eovi v\u00a0prol\u00f3gu. Vstup Boha do vidite\u013en\u00e9ho sveta skrze\u00a0Je\u017ei\u0161a je najv\u00e4\u010d\u0161\u00edm dejinn\u00fdm predelom v\u00a0hist\u00f3rii sveta. A\u00a0ten musel ma\u0165 aj svojho ve\u013ek\u00e9ho svedka v\u00a0J\u00e1novi Krstite\u013eovi. Svedectvo o\u00a0Je\u017ei\u0161ovi vyd\u00e1val v\u00a0druhej Bet\u00e1nii, a\u017e za riekou Jord\u00e1n, teda nie v\u00a0tej ne\u010faleko Jeruzalema, kde b\u00fdvali M\u00e1ria a\u00a0Marta s\u00a0Laz\u00e1rom. Na rozdiel od synoptikov \u017didia v\u00a0J\u00e1nom evanjeliu neozna\u010duj\u00fa Bo\u017e\u00ed \u013eud Izraela, ale nosite\u013eov moci. T\u00ed akoby u\u017e pri ohlasovan\u00ed J\u00e1na Krstite\u013ea otv\u00e1rali proces proti Je\u017ei\u0161ovi.<br \/>\nV tomto evanjeliu nie je Krstite\u013e iba kazate\u013eom alebo ask\u00e9tom, ani len predchodcom, ale dokonal\u00fdm pr\u00edkladom svedka. Trikr\u00e1t \u010destne hovor\u00ed to, \u010d\u00edm <em>nie je<\/em>. Najm\u00e4 v\u00a0s\u00favislosti s nadch\u00e1dzaj\u00facim sebazjaven\u00edm Je\u017ei\u0161a a\u00a0jeho opakovanou formulou <em>Ja som<\/em>. Lebo okrem svedectva je \u010dervenou ni\u0165ou J\u00e1novho evanjelia bo\u017esk\u00e1 identita Je\u017ei\u0161a. V\u00a0doslovnom preklade J\u00e1n Krstite\u013e odpoved\u00e1 na ot\u00e1zky vyslancov od \u017didov: \u201e<em>Ja, hlas<\/em>&#8230;\u201c, bez <em>som. <\/em>Vskutku nikto by nemal poveda\u0165 <em>ja som<\/em>, lebo naplno to patr\u00ed len Bohu. Svoju identitu J\u00e1n Krstite\u013e dop\u013a\u0148a obrazom rozv\u00e4zovania remienkov na sand\u00e1loch, \u010do bolo v\u00a0hierarchii slu\u017eobn\u00edkov a\u00a0otrokov \u00falohou t\u00fdch posledn\u00fdch. A svoj\u00edm krsten\u00edm pripravuje Je\u017ei\u0161ov krst, ktor\u00fd bude krsti\u0165 Duchom Sv\u00e4t\u00fdm.<br \/>\nKrstite\u013e sa na p\u00fa\u0161ti stoto\u017e\u0148uje s\u00a0hlasom Izai\u00e1\u0161ovej Knihy \u00fatechy, ktor\u00e1 bola nap\u00edsan\u00e1 z pr\u00edle\u017eitosti nov\u00e9ho exodu z\u00a0Babylonu. Touto odvol\u00e1vkou vyjadruje\u00a0ohlasovanie toho najpln\u0161ieho exodu skrze Je\u017ei\u0161a Krista pre cel\u00e9 \u013eudstvo. A\u00a0to je t\u00e1 najv\u00e4\u010d\u0161ia rados\u0165!<br \/>\nKrstite\u013eov pr\u00edklad mal by\u0165 odkazom pre spolo\u010denstvo kres\u0165anov, aby sa vyzna\u010dovali podobn\u00fdm postojom ako on a\u00a0ukazovali tak na Je\u017ei\u0161a.\u00a0 Z\u00e1rove\u0148 si zachovali schopnos\u0165 umen\u0161ova\u0165 sa. Aj pre dne\u0161n\u00e9ho kres\u0165ana plat\u00ed zm\u00fd\u0161\u013eanie J\u00e1na Krstite\u013ea, ktor\u00fd bol najmen\u0161\u00ed a\u00a0preto tak potrebn\u00fd. Kto sa rob\u00ed ve\u013ek\u00fdm, je pre Bo\u017eie kr\u00e1\u013eovstvo neu\u017eito\u010dn\u00fd a\u00a0naopak, najpotrebnej\u0161\u00ed, ba nevyhnutn\u00ed pre\u0148 s\u00fa t\u00ed najmen\u0161\u00ed \/porov. Lk 7,28; 9,48\/. Vtedy ten ist\u00fd Izai\u00e1\u0161ov duch z\u00a0prv\u00e9ho \u010d\u00edtania, ktor\u00fd zost\u00fapil aj na Je\u017ei\u0161a, zostupuje \u2013 ak ho neuh\u00e1\u0161ame \u2013 \u00a0i\u00a0na n\u00e1s. Ve\u010f okrem neho kto by obv\u00e4zoval na\u0161e puknut\u00e9 srdcia!?A\u00a0to je \u010fal\u0161\u00ed d\u00f4vod na opravdiv\u00fa rados\u0165!<\/p>\n<p style=\"text-align: justify;\"><em><strong>S<\/strong><strong>r. Dagmar Kr\u00e1\u013eov\u00e1.<\/strong><\/em><\/p>\n<div id=\"attachment_2842\" style=\"width: 170px\" class=\"wp-caption alignleft\"><img loading=\"lazy\" decoding=\"async\" aria-describedby=\"caption-attachment-2842\" class=\" wp-image-2842\" src=\"https:\/\/kbd.sk\/wp-content\/uploads\/2020\/12\/10-224x300.jpg\" alt=\"\" width=\"160\" height=\"215\" srcset=\"https:\/\/kbd.sk\/wp-content\/uploads\/2020\/12\/10-224x300.jpg 224w, https:\/\/kbd.sk\/wp-content\/uploads\/2020\/12\/10-600x802.jpg 600w, https:\/\/kbd.sk\/wp-content\/uploads\/2020\/12\/10-766x1024.jpg 766w, https:\/\/kbd.sk\/wp-content\/uploads\/2020\/12\/10-768x1026.jpg 768w, https:\/\/kbd.sk\/wp-content\/uploads\/2020\/12\/10-1149x1536.jpg 1149w, https:\/\/kbd.sk\/wp-content\/uploads\/2020\/12\/10-1532x2048.jpg 1532w, https:\/\/kbd.sk\/wp-content\/uploads\/2020\/12\/10.jpg 1712w\" sizes=\"auto, (max-width: 160px) 100vw, 160px\" \/><p id=\"caption-attachment-2842\" class=\"wp-caption-text\">.<\/p><\/div>\n<div id=\"attachment_2843\" style=\"width: 219px\" class=\"wp-caption alignleft\"><img loading=\"lazy\" decoding=\"async\" aria-describedby=\"caption-attachment-2843\" class=\" wp-image-2843\" src=\"https:\/\/kbd.sk\/wp-content\/uploads\/2020\/12\/zastupy-na-ceste-k-Jordanu-300x224.jpg\" alt=\"\" width=\"209\" height=\"156\" srcset=\"https:\/\/kbd.sk\/wp-content\/uploads\/2020\/12\/zastupy-na-ceste-k-Jordanu-300x224.jpg 300w, https:\/\/kbd.sk\/wp-content\/uploads\/2020\/12\/zastupy-na-ceste-k-Jordanu-600x449.jpg 600w, https:\/\/kbd.sk\/wp-content\/uploads\/2020\/12\/zastupy-na-ceste-k-Jordanu-1024x766.jpg 1024w, https:\/\/kbd.sk\/wp-content\/uploads\/2020\/12\/zastupy-na-ceste-k-Jordanu-768x575.jpg 768w, https:\/\/kbd.sk\/wp-content\/uploads\/2020\/12\/zastupy-na-ceste-k-Jordanu-1536x1149.jpg 1536w, https:\/\/kbd.sk\/wp-content\/uploads\/2020\/12\/zastupy-na-ceste-k-Jordanu-2048x1532.jpg 2048w\" sizes=\"auto, (max-width: 209px) 100vw, 209px\" \/><p id=\"caption-attachment-2843\" class=\"wp-caption-text\">Z\u00e1stup na ceste k Jord\u00e1nu<\/p><\/div>\n<div id=\"attachment_2844\" style=\"width: 217px\" class=\"wp-caption alignleft\"><img loading=\"lazy\" decoding=\"async\" aria-describedby=\"caption-attachment-2844\" class=\" wp-image-2844\" src=\"https:\/\/kbd.sk\/wp-content\/uploads\/2020\/12\/pust-na-ktorej-zil-Jan-Krstitel-300x224.jpg\" alt=\"\" width=\"207\" height=\"155\" srcset=\"https:\/\/kbd.sk\/wp-content\/uploads\/2020\/12\/pust-na-ktorej-zil-Jan-Krstitel-300x224.jpg 300w, https:\/\/kbd.sk\/wp-content\/uploads\/2020\/12\/pust-na-ktorej-zil-Jan-Krstitel-600x449.jpg 600w, https:\/\/kbd.sk\/wp-content\/uploads\/2020\/12\/pust-na-ktorej-zil-Jan-Krstitel-1024x766.jpg 1024w, https:\/\/kbd.sk\/wp-content\/uploads\/2020\/12\/pust-na-ktorej-zil-Jan-Krstitel-768x575.jpg 768w, https:\/\/kbd.sk\/wp-content\/uploads\/2020\/12\/pust-na-ktorej-zil-Jan-Krstitel-1536x1149.jpg 1536w, https:\/\/kbd.sk\/wp-content\/uploads\/2020\/12\/pust-na-ktorej-zil-Jan-Krstitel-2048x1532.jpg 2048w\" sizes=\"auto, (max-width: 207px) 100vw, 207px\" \/><p id=\"caption-attachment-2844\" class=\"wp-caption-text\">P\u00fa\u0161\u0165, na ktorej \u017eil J\u00e1n Krstite\u013e<\/p><\/div>\n<p><img loading=\"lazy\" decoding=\"async\" class=\" wp-image-2845 alignleft\" src=\"https:\/\/kbd.sk\/wp-content\/uploads\/2020\/12\/miesto-kde-krstil-225x300.jpg\" alt=\"\" width=\"159\" height=\"212\" srcset=\"https:\/\/kbd.sk\/wp-content\/uploads\/2020\/12\/miesto-kde-krstil-225x300.jpg 225w, https:\/\/kbd.sk\/wp-content\/uploads\/2020\/12\/miesto-kde-krstil.jpg 480w\" sizes=\"auto, (max-width: 159px) 100vw, 159px\" \/><\/p>\n","protected":false},"excerpt":{"rendered":"<p>Bo\u017eia rados\u0165 \u2013 na\u0161a rados\u0165 Prv\u00e9 \u010d\u00edtanie: Iz 61,1-2a.10-11 Zd\u00e1 sa, \u017ee prv\u00e9 dva ver\u0161e tohto proroctva s\u00fa Izai\u00e1\u0161ovou spomienkou na vlastn\u00fd z\u00e1\u017eitok. V\u00a0nazaretskej synag\u00f3ge si tie ist\u00e9 slov\u00e1 na&#8230;<\/p>\n","protected":false},"author":5,"featured_media":2853,"comment_status":"closed","ping_status":"closed","sticky":false,"template":"","format":"standard","meta":{"inline_featured_image":false,"footnotes":""},"categories":[30],"tags":[],"class_list":{"0":"post-2841","1":"post","2":"type-post","3":"status-publish","4":"format-standard","5":"has-post-thumbnail","7":"category-liturgicke-komentare"},"_links":{"self":[{"href":"https:\/\/kbd.sk\/index.php\/wp-json\/wp\/v2\/posts\/2841","targetHints":{"allow":["GET"]}}],"collection":[{"href":"https:\/\/kbd.sk\/index.php\/wp-json\/wp\/v2\/posts"}],"about":[{"href":"https:\/\/kbd.sk\/index.php\/wp-json\/wp\/v2\/types\/post"}],"author":[{"embeddable":true,"href":"https:\/\/kbd.sk\/index.php\/wp-json\/wp\/v2\/users\/5"}],"replies":[{"embeddable":true,"href":"https:\/\/kbd.sk\/index.php\/wp-json\/wp\/v2\/comments?post=2841"}],"version-history":[{"count":1,"href":"https:\/\/kbd.sk\/index.php\/wp-json\/wp\/v2\/posts\/2841\/revisions"}],"predecessor-version":[{"id":4229,"href":"https:\/\/kbd.sk\/index.php\/wp-json\/wp\/v2\/posts\/2841\/revisions\/4229"}],"wp:featuredmedia":[{"embeddable":true,"href":"https:\/\/kbd.sk\/index.php\/wp-json\/wp\/v2\/media\/2853"}],"wp:attachment":[{"href":"https:\/\/kbd.sk\/index.php\/wp-json\/wp\/v2\/media?parent=2841"}],"wp:term":[{"taxonomy":"category","embeddable":true,"href":"https:\/\/kbd.sk\/index.php\/wp-json\/wp\/v2\/categories?post=2841"},{"taxonomy":"post_tag","embeddable":true,"href":"https:\/\/kbd.sk\/index.php\/wp-json\/wp\/v2\/tags?post=2841"}],"curies":[{"name":"wp","href":"https:\/\/api.w.org\/{rel}","templated":true}]}}