{"id":1807,"date":"2020-04-09T13:17:07","date_gmt":"2020-04-09T11:17:07","guid":{"rendered":"https:\/\/kbd.christ-net.sk\/?p=1807"},"modified":"2024-06-18T10:30:22","modified_gmt":"2024-06-18T08:30:22","slug":"komentare-k-textom-na-velkonocnu-nedelu-a","status":"publish","type":"post","link":"https:\/\/kbd.sk\/index.php\/liturgicke-komentare\/komentare-k-textom-na-velkonocnu-nedelu-a\/","title":{"rendered":"Koment\u00e1re k textom na Ve\u013ekono\u010dn\u00fa nede\u013eu \u201eA\u201c"},"content":{"rendered":"<p style=\"text-align: justify;\" align=\"center\"><i>1. \u010d\u00edtanie:\u00a0<\/i>Sk 10,34a.37-43<\/p>\n<p style=\"text-align: justify;\">Slov\u00e1 apo\u0161tola Petra Korn\u00e9liovej rodine v\u00a0C\u00e9zarei Pr\u00edmorskej vyznievaj\u00fa vo ve\u013ekono\u010dn\u00fa nede\u013eu naozaj sl\u00e1vnostne. Peter je svedkom tajomn\u00e9ho javu: obr\u00e1tenia prv\u00e9ho pohana i\u00a0celej jeho rodiny a\u00a0ich vstupu do Cirkvi! Keby toto rozhodnutie prija\u0165 nie \u017eida do Cirkvi z\u00e1viselo od neho, pravdepodobne by on s\u00e1m bol s\u00a0t\u00fdm v\u00e1hal. Ale pred jeho o\u010dami sa diali divy, ke\u010f on verne pod\u00e1val \u010falej zves\u0165 o\u00a0Je\u017ei\u0161ovom umu\u010den\u00ed a\u00a0zm\u0155tvychvstan\u00ed. Hoci sa v\u00a0jeho re\u010di objavuje e\u0161te nie celkom presn\u00e1 vierouka oh\u013eadom Je\u017ei\u0161a Krista ako Boho\u010dloveka a\u00a0druhej bo\u017eskej osoby, predsa je tu rozhoduj\u00faca Petrova vernos\u0165 faktom: ohlasuje, \u017ee Boh to v\u0161etko urobil a\u00a0\u017ee proroci to predpovedali a\u00a0v\u0161etko sa vyplnilo na Je\u017ei\u0161ovi. A\u00a0ten, kto ho prijme, dosiahne odpustenie hriechov.<\/p>\n<p style=\"text-align: justify;\">Pre n\u00e1s je to mocn\u00e9 povzbudenie \u00faprimne vierou pri\u013en\u00fa\u0165 k\u00a0Bo\u017eiemu zjaveniu zachyten\u00e9mu v\u00a0P\u00edsme a\u00a0uveri\u0165 Bohu, \u017ee on vedie cel\u00e9 dejiny a\u00a0\u017ee aj o\u00a0n\u00e1s vie. Je to pre n\u00e1s motivuj\u00face s\u00a0rados\u0165ou vst\u00fapi\u0165 do tohto Bo\u017eieho projektu sp\u00e1sy.<\/p>\n<p style=\"text-align: justify;\"><i>\u00a0<\/i><\/p>\n<p style=\"text-align: justify;\"><i>2. \u010d\u00edtanie:<\/i>\u00a0Kol 3,1-4<\/p>\n<p style=\"text-align: justify;\">V\u00a0kr\u00e1tkom \u00faryvku z\u00a0Listu Kolosanom n\u00e1s jeho autor podporuje v\u00a0h\u013eadan\u00ed duchovn\u00fdch hodn\u00f4t v\u00a0sile d\u00f4sledkov vyk\u00fapenia, ktor\u00e9 sme si u\u017e prisvojili. Naozaj, to najspr\u00e1vnej\u0161ie, \u010do mo\u017eno vo vz\u0165ahu k\u00a0vyk\u00fapeniu urobi\u0165, je\u00a0<i>h\u013eada\u0165, \u010do je hore,\u00a0<\/i>teda nadobudn\u00fa\u0165 zmysel pre Bo\u017eie veci. Ve\u013ek\u00e1 noc ve\u013emi formuje a profiluje na\u0161u vieru.<\/p>\n<p style=\"text-align: justify;\">Ide teda o\u00a0\u017eivot v\u00a0radostnom napredovan\u00ed smerom k\u00a0definit\u00edvnemu spo\u010dinutiu v\u00a0Bohu. To je liek na zrieden\u00e9 kres\u0165anstvo, ktor\u00e9 je tak drasticky roz\u0161\u00edren\u00e9 aj v\u00a0na\u0161ej kult\u00fare a\u00a0eur\u00f3pskej mentalite. Ve\u013ekono\u010dn\u00e9 tajomstvo sa m\u00f4\u017ee rozhoduj\u00facim sp\u00f4sobom prejavi\u0165 vo forme scitlivenia viery.<\/p>\n<p style=\"text-align: justify;\"><i>\u00a0<\/i><\/p>\n<p style=\"text-align: justify;\"><i>Alternat\u00edvne 2. \u010d\u00edtanie:\u00a0<\/i>1Kor 5,6b-8<\/p>\n<p style=\"text-align: justify;\">V\u00a0tomto \u010d\u00edtan\u00ed je do popredia ve\u013ekono\u010dnej medit\u00e1cie predlo\u017een\u00fd chlieb a\u00a0v\u00a0\u0148om konkr\u00e9tne kvas. Autor tohto textu zjavne nar\u00e1\u017ea na \u017eidovsk\u00fa mentalitu a\u00a0\u017eidovsk\u00fa n\u00e1pl\u0148 ve\u013ekono\u010dn\u00fdch sviatkov. \u017didia boli vtedy povinn\u00ed odstr\u00e1ni\u0165 zo svojich pr\u00edbytkov v\u0161etok kvas. Bola to v\u017edy radostn\u00e1 \u201erazia na kvas\u201c, z\u00a0\u010doho mali rados\u0165 najm\u00e4 deti. Ve\u013ek\u00fa noc potom sl\u00e1vili bez kvasu zloby a\u00a0hriechu, s\u00a0nekvasen\u00fdm chlebom \u010distoty a\u00a0pravdy. Je to pekn\u00e1 al\u00fazia na definit\u00edvnu platnos\u0165 vyk\u00fapenia, ktor\u00e9 n\u00e1m zasl\u00fa\u017eil Je\u017ei\u0161.<\/p>\n<p style=\"text-align: justify;\"><i>\u00a0<\/i><\/p>\n<p style=\"text-align: justify;\"><i>Evanjelium:\u00a0<\/i>Jn 20,1-9<i><\/i><\/p>\n<p style=\"text-align: justify;\">Evanjelium o\u00a0P\u00e1novom zm\u0155tvychvstan\u00ed n\u00e1m pribli\u017euje radostn\u00fa a\u00a0sl\u00e1vnostn\u00fa atmosf\u00e9ru najv\u00e4\u010d\u0161ej udalosti \u013eudsk\u00fdch dej\u00edn: P\u00e1n Je\u017ei\u0161 porazil smr\u0165 a\u00a0vstal z m\u0155tvych! Je r\u00e1no, prv\u00fd de\u0148 t\u00fd\u017ed\u0148a&#8230; Akoby tu nastal nov\u00fd svet, nov\u00e9 \u013eudstvo, nov\u00e9 stvorenie&#8230; Definit\u00edvne je napraven\u00e1 rana sp\u00f4soben\u00e1 dedi\u010dn\u00fdm hriechom a\u00a0znovu je otvoren\u00fd pr\u00edstup k\u00a0Bohu! Je \u017eivotne d\u00f4le\u017eit\u00e9 zachyti\u0165 v\u00a0svojej du\u0161i toto nov\u00e9 r\u00e1no, tento nov\u00fd rozmer dej\u00edn, \u017ee sme vyk\u00fapen\u00ed!<\/p>\n<p style=\"text-align: justify;\">J\u00e1nova spr\u00e1va n\u00e1s vedie \u201ebehom\u201c k\u00a0Je\u017ei\u0161ovmu hrobu, kde mo\u017eno vidie\u0165 u\u017e len pr\u00e1zdny hrob a\u00a0v\u00a0\u0148om plachty a\u00a0\u0161atku ako ak\u00fdsi odkaz, \u010di pozdrav Je\u017ei\u0161ovho tela, ktor\u00e9 sa medzi\u010dasom premenilo na osl\u00e1ven\u00e9. Netreba n\u00e1m prestupova\u0165 horizonty, sta\u010d\u00ed, ke\u010f vo svojom myslen\u00ed a\u00a0vo svojom vn\u00fatri budeme smerova\u0165 ku Kristovi a\u00a0za Kristom&#8230; H\u013eada\u0165,\u00a0<i>\u010do je hore&#8230;<\/i><\/p>\n<p style=\"text-align: justify;\">Evanjelista v\u00fdrazne upriamuje pozornos\u0165 na term\u00edny \u201evidie\u0165\u201c a \u201everi\u0165\u201c, ktor\u00e9 s\u00fa podstatn\u00e9 v\u00a0celom J\u00e1novom evanjeliu a\u00a0vyjadruj\u00fa tajomstvo viery. Zm\u0155tvychvstal\u00fd Je\u017ei\u0161 n\u00e1m prin\u00e1\u0161a tieto dve schopnosti. Nimi m\u00f4\u017eeme nasledova\u0165 Je\u017ei\u0161a.<\/p>\n<p style=\"text-align: justify;\"><b><i>Mons. Anton Tyrol<\/i><\/b><\/p>\n","protected":false},"excerpt":{"rendered":"<p>1. \u010d\u00edtanie:\u00a0Sk 10,34a.37-43 Slov\u00e1 apo\u0161tola Petra Korn\u00e9liovej rodine v\u00a0C\u00e9zarei Pr\u00edmorskej vyznievaj\u00fa vo ve\u013ekono\u010dn\u00fa nede\u013eu naozaj sl\u00e1vnostne. Peter je svedkom tajomn\u00e9ho javu: obr\u00e1tenia prv\u00e9ho pohana i\u00a0celej jeho rodiny a\u00a0ich vstupu do&#8230;<\/p>\n","protected":false},"author":5,"featured_media":2263,"comment_status":"closed","ping_status":"closed","sticky":false,"template":"","format":"standard","meta":{"inline_featured_image":false,"footnotes":""},"categories":[30],"tags":[],"class_list":{"0":"post-1807","1":"post","2":"type-post","3":"status-publish","4":"format-standard","5":"has-post-thumbnail","7":"category-liturgicke-komentare"},"_links":{"self":[{"href":"https:\/\/kbd.sk\/index.php\/wp-json\/wp\/v2\/posts\/1807","targetHints":{"allow":["GET"]}}],"collection":[{"href":"https:\/\/kbd.sk\/index.php\/wp-json\/wp\/v2\/posts"}],"about":[{"href":"https:\/\/kbd.sk\/index.php\/wp-json\/wp\/v2\/types\/post"}],"author":[{"embeddable":true,"href":"https:\/\/kbd.sk\/index.php\/wp-json\/wp\/v2\/users\/5"}],"replies":[{"embeddable":true,"href":"https:\/\/kbd.sk\/index.php\/wp-json\/wp\/v2\/comments?post=1807"}],"version-history":[{"count":1,"href":"https:\/\/kbd.sk\/index.php\/wp-json\/wp\/v2\/posts\/1807\/revisions"}],"predecessor-version":[{"id":4370,"href":"https:\/\/kbd.sk\/index.php\/wp-json\/wp\/v2\/posts\/1807\/revisions\/4370"}],"wp:featuredmedia":[{"embeddable":true,"href":"https:\/\/kbd.sk\/index.php\/wp-json\/wp\/v2\/media\/2263"}],"wp:attachment":[{"href":"https:\/\/kbd.sk\/index.php\/wp-json\/wp\/v2\/media?parent=1807"}],"wp:term":[{"taxonomy":"category","embeddable":true,"href":"https:\/\/kbd.sk\/index.php\/wp-json\/wp\/v2\/categories?post=1807"},{"taxonomy":"post_tag","embeddable":true,"href":"https:\/\/kbd.sk\/index.php\/wp-json\/wp\/v2\/tags?post=1807"}],"curies":[{"name":"wp","href":"https:\/\/api.w.org\/{rel}","templated":true}]}}