{"id":1517,"date":"2022-11-24T12:00:30","date_gmt":"2022-11-24T11:00:30","guid":{"rendered":"https:\/\/kbd.christ-net.sk\/?p=1517"},"modified":"2024-06-18T10:30:19","modified_gmt":"2024-06-18T08:30:19","slug":"komentare-k-textom-na-1-adventnu-nedelu-a","status":"publish","type":"post","link":"https:\/\/kbd.sk\/index.php\/liturgicke-komentare\/komentare-k-textom-na-1-adventnu-nedelu-a\/","title":{"rendered":"Koment\u00e1re k textom na 1. adventn\u00fa nede\u013eu \u201eA\u201c"},"content":{"rendered":"<p style=\"text-align: justify;\"><i>1. \u010d\u00edtanie:\u00a0<\/i>Iz 2,1-5<\/p>\n<p style=\"text-align: justify;\">Biblick\u00ed exeg\u00e9ti naz\u00fdvaj\u00fa proroka Izai\u00e1\u0161a \u201eevanjelistom Star\u00e9ho z\u00e1kona\u201c. D\u00f4vodom tak\u00e9hoto titulu je najm\u00e4 to, \u017ee Izai\u00e1\u0161 nap\u00edsal mnoho textov, ktor\u00e9 hovoria o\u00a0Mesi\u00e1\u0161ovi. A\u00a0novoz\u00e1konn\u00e9 texty sa na\u0148 \u010dasto odvol\u00e1vaj\u00fa. Aj toto videnie proroka Izai\u00e1\u0161a (2,1-5) z\u00a08. storo\u010dia pred Kristom hovor\u00ed o\u00a0mesi\u00e1\u0161skych \u010dasoch.\u00a0<i>Ostatn\u00e9 dni<\/i>\u00a0spomenut\u00e9 na za\u010diatku \u010d\u00edtania s\u00fa op\u00edsan\u00e9 ako dni pln\u00e9 pokoja, s\u00faladu medzi n\u00e1rodmi a\u00a0otvorenosti na P\u00e1novo slovo. Ak sa chceme p\u00fdta\u0165, \u010di tento mesi\u00e1\u0161sky pokoj nastal pr\u00edchodom Je\u017ei\u0161a Krista, ale \u010di prorok m\u00e1 na mysli posledn\u00e9 \u010dasy, mus\u00edme odpoveda\u0165, \u017ee \u2013 \u017eia\u013e \u2013 op\u00edsan\u00fd mesi\u00e1\u0161sky pokoj v\u00a0op\u00edsan\u00fdch konkr\u00e9tnych okolnostiach nie je e\u0161te realitou. Preto si ju v\u00a0advente znovu a\u00a0znovu pripom\u00edname.<\/p>\n<p style=\"text-align: justify;\">Tak sa chceme motivova\u0165 k\u00a0tomu, aby sme na tento ide\u00e1l nezab\u00fadali a\u00a0pracovali na jeho uskuto\u010d\u0148ovan\u00ed. Preto je namieste zv\u00fd\u0161en\u00e1 pozornos\u0165 vo\u010di Bo\u017eiemu slovu v\u00a0advente. Je to aj na\u0161a najlep\u0161ia reakcia na v\u00fdzvu proroka:\u00a0<i>&#8230;kr\u00e1\u010dajme vo svetle P\u00e1novom!<\/i>\u00a0Nech cez adventn\u00e9 obdobie zostane pred na\u0161\u00edm duchovn\u00fdm zrakom Izai\u00e1\u0161ov obraz mesi\u00e1\u0161skych \u010dias a\u00a0tento posv\u00e4tn\u00fd adventn\u00fd \u010das nech znamen\u00e1 pribl\u00ed\u017eenie sa k\u00a0tomu ide\u00e1lu liturgie 1. adventnej nedele.<\/p>\n<p style=\"text-align: justify;\"><i>\u00a0<\/i><\/p>\n<p style=\"text-align: justify;\"><i>2. \u010d\u00edtanie:\u00a0<\/i>Rim 13,11-14a<\/p>\n<p style=\"text-align: justify;\">V\u00a0s\u00favislosti s\u00a0prv\u00fdmi kres\u0165anmi niekedy po\u010d\u00favame tak\u00e9 n\u00e1zory, \u017ee prv\u00ed kres\u0165ania \u017eili svoj \u017eivot viery v\u00a0o\u010dak\u00e1van\u00ed bezprostredn\u00e9ho druh\u00e9ho pr\u00edchodu Je\u017ei\u0161a Krista. Mo\u017eno je to do ur\u010ditej miery pravda, ale treba da\u0165 pozor, aby sme t\u00fdmto postojom nezakr\u00fdvali spr\u00e1vne \u201enap\u00e4tie viery\u201c, toti\u017e ur\u010dit\u00fa pozit\u00edvnu dynamiku ich vz\u0165ahu k\u00a0Je\u017ei\u0161ovi Kristovi, po ktorom \u00faprimne t\u00fa\u017eili.<\/p>\n<p style=\"text-align: justify;\">Medzi tak\u00e9to texty patr\u00ed aj toto \u010d\u00edtanie, v\u00a0ktorom Apo\u0161tol Pavol hovor\u00ed o\u00a0bl\u00edzkosti sp\u00e1sy, o\u00a0bl\u00edzkosti d\u0148a, o\u00a0v\u00fdzbroji svetla at\u010f. Apo\u0161tol Pavol vo v\u00fdrazoch noc-de\u0148, tma-svetlo ve\u013emi \u00fa\u010dinne animuje kres\u0165anov v\u00a0R\u00edme, aby \u017eili \u010dnostne a\u00a0osvojili si sp\u00e1su.\u00a0<i>Obliec\u0165 si Je\u017ei\u0161a Krista<\/i>\u00a0znamen\u00e1 celkom sa zrieknu\u0165\u00a0<i>skutkov tmy<\/i>\u00a0a stoto\u017eni\u0165 sa s\u00a0Je\u017ei\u0161ov\u00fdm myslen\u00edm. Adventn\u00fd \u010das je na to ve\u013emi vhodn\u00fdm obdob\u00edm. Cez advent pri ror\u00e1tnom svetle mo\u017eno neust\u00e1le o\u017eivova\u0165 t\u00fato Pavlovu v\u00fdzvu.<\/p>\n<p style=\"text-align: justify;\"><i>Evanjelium:\u00a0<\/i>Mt 24,37-44<\/p>\n<p style=\"text-align: justify;\">T\u00e9ma posledn\u00fdch vec\u00ed \u010dloveka a\u00a0\u013eudstva sa zvykne pod\u00e1va\u0165 v\u00a0obrazoch bedlivej pozornosti. Niekedy texty nab\u00e1daj\u00fa svojich adres\u00e1tov, aby boli pripraven\u00ed a \u201enedali sa nachyta\u0165\u201c, \u010di pomocou obrazu o\u00a0hospod\u00e1rovi, ktor\u00fd nedovol\u00ed potenci\u00e1lnemu zlodejovi vnikn\u00fa\u0165 do domu a\u00a0nenech\u00e1 sa okradn\u00fa\u0165&#8230; S\u00fa to v\u0161etko obrazy, ktor\u00e9 hovoria o\u00a0tom, \u017ee Je\u017ei\u0161ovi nasledovn\u00edci maj\u00fa \u017ei\u0165 v\u00a0neust\u00e1lej t\u00fa\u017ebe po svojom Spasite\u013eovi. Bdie\u0165 teda znamen\u00e1 predov\u0161etk\u00fdm by\u0165 nie nie\u010d\u00edm vonkaj\u0161\u00edm \u010di materi\u00e1lnym sp\u00f4sobom, ale svoj\u00edm duchom zameran\u00fd na hodnoty, ktor\u00e9 si zasluhuj\u00fa na\u0161u pozornos\u0165 z\u00a0h\u013eadiska definit\u00edvneho, posledn\u00e9ho cie\u013ea.<\/p>\n<p style=\"text-align: justify;\">N\u00e1zorne to ukazuje obraz v\u00a0evanjeliu:\u00a0<i>Na poli bud\u00fa dvaja: jeden bude vzat\u00fd, druh\u00fd sa ponech\u00e1&#8230;<\/i>\u00a0(Mt 24,40). Teda navonok ide o\u00a0rovnak\u00fa \u010dinnos\u0165, a\u00a0predsa vn\u00fatorn\u00e9 nastavenie t\u00fdchto je odli\u0161n\u00e9&#8230;<\/p>\n<p style=\"text-align: justify;\">Na\u0161e pre\u017e\u00edvanie adventu teda nemus\u00ed ma\u0165 charakter \u017eivota v\u00a0strehu, ale u\u017e teraz sa m\u00f4\u017ee sta\u0165 radostn\u00fdm pre\u017e\u00edvan\u00edm \u00fazkeho spolo\u010denstva s\u00a0Je\u017ei\u0161om Kristom. St\u00e1le viac po \u0148om t\u00fa\u017eime a\u00a0usilujeme sa by\u0165 pripraven\u00ed na jeho prijatie.<\/p>\n<p style=\"text-align: justify;\" align=\"right\"><b><i>Mons. Anton Tyrol<\/i><\/b><\/p>\n","protected":false},"excerpt":{"rendered":"<p>1. \u010d\u00edtanie:\u00a0Iz 2,1-5 Biblick\u00ed exeg\u00e9ti naz\u00fdvaj\u00fa proroka Izai\u00e1\u0161a \u201eevanjelistom Star\u00e9ho z\u00e1kona\u201c. D\u00f4vodom tak\u00e9hoto titulu je najm\u00e4 to, \u017ee Izai\u00e1\u0161 nap\u00edsal mnoho textov, ktor\u00e9 hovoria o\u00a0Mesi\u00e1\u0161ovi. A\u00a0novoz\u00e1konn\u00e9 texty sa na\u0148 \u010dasto&#8230;<\/p>\n","protected":false},"author":5,"featured_media":1509,"comment_status":"closed","ping_status":"closed","sticky":false,"template":"","format":"standard","meta":{"inline_featured_image":false,"footnotes":""},"categories":[30],"tags":[],"class_list":{"0":"post-1517","1":"post","2":"type-post","3":"status-publish","4":"format-standard","5":"has-post-thumbnail","7":"category-liturgicke-komentare"},"_links":{"self":[{"href":"https:\/\/kbd.sk\/index.php\/wp-json\/wp\/v2\/posts\/1517","targetHints":{"allow":["GET"]}}],"collection":[{"href":"https:\/\/kbd.sk\/index.php\/wp-json\/wp\/v2\/posts"}],"about":[{"href":"https:\/\/kbd.sk\/index.php\/wp-json\/wp\/v2\/types\/post"}],"author":[{"embeddable":true,"href":"https:\/\/kbd.sk\/index.php\/wp-json\/wp\/v2\/users\/5"}],"replies":[{"embeddable":true,"href":"https:\/\/kbd.sk\/index.php\/wp-json\/wp\/v2\/comments?post=1517"}],"version-history":[{"count":1,"href":"https:\/\/kbd.sk\/index.php\/wp-json\/wp\/v2\/posts\/1517\/revisions"}],"predecessor-version":[{"id":4285,"href":"https:\/\/kbd.sk\/index.php\/wp-json\/wp\/v2\/posts\/1517\/revisions\/4285"}],"wp:featuredmedia":[{"embeddable":true,"href":"https:\/\/kbd.sk\/index.php\/wp-json\/wp\/v2\/media\/1509"}],"wp:attachment":[{"href":"https:\/\/kbd.sk\/index.php\/wp-json\/wp\/v2\/media?parent=1517"}],"wp:term":[{"taxonomy":"category","embeddable":true,"href":"https:\/\/kbd.sk\/index.php\/wp-json\/wp\/v2\/categories?post=1517"},{"taxonomy":"post_tag","embeddable":true,"href":"https:\/\/kbd.sk\/index.php\/wp-json\/wp\/v2\/tags?post=1517"}],"curies":[{"name":"wp","href":"https:\/\/api.w.org\/{rel}","templated":true}]}}