{"id":1505,"date":"2025-12-11T11:39:23","date_gmt":"2025-12-11T10:39:23","guid":{"rendered":"https:\/\/kbd.christ-net.sk\/?p=1505"},"modified":"2025-12-16T09:40:05","modified_gmt":"2025-12-16T08:40:05","slug":"komentare-k-citaniam-3-adventnej-nedele-c","status":"publish","type":"post","link":"https:\/\/kbd.sk\/index.php\/liturgicke-komentare\/komentare-k-citaniam-3-adventnej-nedele-c\/","title":{"rendered":"Koment\u00e1re k \u010d\u00edtaniam 3. adventnej nedele \u201eA\u201c"},"content":{"rendered":"<p style=\"text-align: justify;\"><i>1. \u010d\u00edtanie:\u00a0<\/i>Iz 35,1-6a.10<i><\/i><\/p>\n<p style=\"text-align: justify;\">\u00daryvok je z\u00a0bloku (Iz 34 \u2013 35), ktor\u00fd m\u00e1 n\u00e1zov \u201ebud\u00faca sp\u00e1sa\u201c. Text opisuje najsk\u00f4r prejavy pr\u00edrody, ktor\u00e1 sa bude rozv\u00edja\u0165, vyschnut\u00e1 zem sa stane \u00farodnou, p\u00fa\u0161\u0165 rozkvitne, v\u0161ade bude kr\u00e1sa ako na Karmeli, ktor\u00fd je mimoriadne kr\u00e1sny k\u00fat Sv\u00e4tej zeme a\u00a0pod. Za t\u00fdmito materi\u00e1lnymi alebo pr\u00edrodn\u00fdmi kr\u00e1sami treba vidie\u0165 kr\u00e1su duchovn\u00fdch darov.<\/p>\n<p style=\"text-align: justify;\">Mesi\u00e1\u0161ske \u010dasy sa tie\u017e prejavia v\u00a0tom, \u017ee \u013eudia op\u00e4\u0165 dostan\u00fa chu\u0165 \u017ei\u0165, malomyse\u013en\u00ed sa vzchopia, slab\u00ed sa stan\u00fa mocn\u00fdmi at\u010f. Text \u010falej s\u013eubuje zdravie \u013eu\u010fom: dar zraku pre nevidiacich, sluch pre hluch\u00fdch, re\u010d pre nem\u00fdch, uzdravenie pre chrom\u00fdch a\u00a0pod. a\u00a0tieto dary bude sprev\u00e1dza\u0165 predov\u0161etk\u00fdm spont\u00e1nna rados\u0165 \u013eudu.<\/p>\n<p style=\"text-align: justify;\">Toto v\u0161etko sa naplnilo v Je\u017ei\u0161ovi Kristovi. On konal z\u00e1zraky ako znamenia, \u017ee sa plnia predpovede prorokov. Neuzdravil v\u00a0telesn\u00fdch z\u00e1le\u017eitostiach v\u0161etk\u00fdch vtedy postihnut\u00fdch, ale niektor\u00fdch ur\u010dite \u00e1no. T\u00fdm nazna\u010dil, \u017ee mesi\u00e1\u0161ske \u010dasy u\u017e pri\u0161li. Tieto uzdravenia sa dokonca stali \u00fa\u010dinn\u00fdm argumentom a znamen\u00edm \u010dias, \u017ee mesi\u00e1\u0161ske \u010dasy u\u017e nastali. Ale definit\u00edvnym cie\u013eom Je\u017ei\u0161ov\u00fdch z\u00e1zrakov neboli tieto z\u00e1zraky, ale Bo\u017eie kr\u00e1\u013eovstvo.<\/p>\n<p style=\"text-align: justify;\">Advent je vhodnou pr\u00edle\u017eitos\u0165ou uvedomi\u0165 si, \u017ee Bo\u017eie kr\u00e1\u013eovstvo bolo darovan\u00e9 aj n\u00e1m a\u00a0v\u00a0tomto \u010dase je n\u00e1m mimoriadne bl\u00edzko. Potrebn\u00e9 je v\u0161ak\u00a0<i>vr\u00e1ti\u0165 sa,<\/i>\u00a0ako je to uveden\u00e9 v\u00a0z\u00e1vere \u010d\u00edtania z\u00a0proroka Izai\u00e1\u0161a (35,10).\u00a0<i>Vr\u00e1ti\u0165 sa<\/i>\u00a0znamen\u00e1 otvori\u0165 sa pre Bo\u017eie p\u00f4sobenie, stretn\u00fa\u0165 sa s\u00a0Bohom, teda obr\u00e1ti\u0165 sa. A\u00a0t\u00fdch, ktor\u00ed to urobia,\u00a0<i>zaplav\u00ed rados\u0165, zmizne b\u00f4\u013e a\u00a0vzdychanie.<\/i>\u00a0Pre\u017e\u00edvajme v\u00a0tomto duch adventn\u00e9 obdobie, aby sme sa \u010do najlep\u0161ie uschopnili na prijatie s\u013eubovan\u00fdch darov Bo\u017eieho kr\u00e1\u013eovstva.<\/p>\n<p style=\"text-align: justify;\"><i>2. \u010d\u00edtanie:\u00a0<\/i>Jak 5,7-10<i><\/i><\/p>\n<p style=\"text-align: justify;\">Je ve\u013emi pekn\u00e9 a\u00a0teologicky in\u0161piruj\u00face, \u017ee v\u00a0liturgii sa prel\u00edna prv\u00fd a\u00a0druh\u00fd Kristov pr\u00edchod. Liturgia n\u00e1s pripravuje na oslavu prv\u00e9ho pr\u00edchodu Je\u017ei\u0161a Krista, ale z\u00e1rove\u0148 n\u00e1m pripom\u00edna a objas\u0148uje aj druh\u00fd, sl\u00e1vny, Je\u017ei\u0161ov pr\u00edchod na konci \u010dias. Takto n\u00e1m vyp\u013a\u0148a aktu\u00e1lny \u010das pr\u00edjemn\u00fdm nap\u00e4t\u00edm smerovania k\u00a0posledn\u00fdm veciam. Naz\u00fdvame ich eschatologick\u00e9 \u010dasy alebo eschatologick\u00e9 dobr\u00e1. Podstatn\u00fdm postojom v tejto situ\u00e1cii o\u010dak\u00e1vania m\u00e1 by\u0165 trpezlivos\u0165. Autor Jakubovho listu n\u00e1m tu d\u00e1va aj pr\u00edklad z\u00a0ro\u013en\u00edckeho \u017eivota. Ro\u013en\u00edk zaseje zrno a\u00a0potom sa star\u00e1 o\u00a0pole: sleduje rast obilia, chr\u00e1ni ho ako najlep\u0161ie vie a\u00a0trpezlivo o\u010dak\u00e1va, k\u00fdm v\u0161etko dozreje.\u00a0<i>V\u010dasn\u00fd i\u00a0neskor\u00fd d\u00e1\u017e\u010f<\/i>\u00a0predstavuje dve obdobia, ktor\u00e9 sa vo Sv\u00e4tej zemi prejavuj\u00fa v\u00fddatn\u00fdmi zr\u00e1\u017ekami. Je to na jese\u0148 a\u00a0na jar.<\/p>\n<p style=\"text-align: justify;\">Tak, ako ten ro\u013en\u00edk, aj my m\u00e1me by\u0165 trpezliv\u00ed i\u00a0so sebou i\u00a0s\u00a0druh\u00fdmi \u013eu\u010fmi, i\u00a0s\u00a0cel\u00fdm svetom. Nemo\u017eno sa sta\u0165 dokonal\u00fdm z\u00a0jedn\u00e9ho d\u0148a na druh\u00fd, ale treba trpezlivo a\u00a0vytrvalo pracova\u0165 na vlastnej sp\u00e1se. U\u010dme sa tejto trpezlivosti a\u00a0vytrvalosti od prorokov a\u00a0sv\u00e4tcov.<\/p>\n<p style=\"text-align: justify;\"><i>Evanjelium:\u00a0<\/i>Mt 11,2-11<i><\/i><\/p>\n<p style=\"text-align: justify;\">Nie je mo\u017en\u00e9 s\u00a0istotou stanovi\u0165, \u010di J\u00e1n poslal u\u010den\u00edkov za Je\u017ei\u0161om kv\u00f4li tomu, aby on s\u00e1m nadobudol istotu o\u00a0jeho mesi\u00e1\u0161skom poslan\u00ed, alebo tak urobil s\u00a0oh\u013eadom na svojich \u017eiakov. Samotn\u00e1 formul\u00e1cia ot\u00e1zky:\u00a0<i>ten, ktor\u00fd m\u00e1 pr\u00eds\u0165&#8230;\u00a0<\/i>dokazuje, \u017ee mesi\u00e1\u0161ske o\u010dak\u00e1vania v\u00a0Je\u017ei\u0161ov\u00fdch \u010dasoch boli ve\u013emi \u017eiv\u00e9.<\/p>\n<p style=\"text-align: justify;\">Evanjelista Mat\u00fa\u0161 t\u00fato udalos\u0165 vyu\u017e\u00edva na to, aby pouk\u00e1zal na naplnenie mesi\u00e1\u0161skych predpoved\u00ed v\u00a0Je\u017ei\u0161ovi Kristovi, ktor\u00fd navracal \u013eu\u010fom zrak, sluch, re\u010d&#8230;, a\u00a0tak dokazoval, \u017ee on je Mesi\u00e1\u0161. Podstatn\u00e9 je v\u0161ak jeho slovo, ktor\u00e9 je potrebn\u00e9 po\u010d\u00fava\u0165 a\u00a0v\u00a0sebe spracova\u0165.<\/p>\n<p style=\"text-align: justify;\">Je tu mo\u017en\u00e9 n\u00e1js\u0165 e\u0161te jedno krit\u00e9rium pre mesi\u00e1\u0161ske \u010dasy, a\u00a0to svedectvo o\u00a0J\u00e1novi Krstite\u013eovi. Je\u017ei\u0161 vyzdvihol nielen jeho osobn\u00fa ve\u013ekos\u0165, ale aj to, \u017ee sa na \u0148om splnili proroctv\u00e1 o\u00a0P\u00e1novom predchodcovi.<\/p>\n<p style=\"text-align: justify;\"><b><i>Mons. Anton Tyrol<\/i><\/b><\/p>\n","protected":false},"excerpt":{"rendered":"<p>1. \u010d\u00edtanie:\u00a0Iz 35,1-6a.10 \u00daryvok je z\u00a0bloku (Iz 34 \u2013 35), ktor\u00fd m\u00e1 n\u00e1zov \u201ebud\u00faca sp\u00e1sa\u201c. Text opisuje najsk\u00f4r prejavy pr\u00edrody, ktor\u00e1 sa bude rozv\u00edja\u0165, vyschnut\u00e1 zem sa stane \u00farodnou, p\u00fa\u0161\u0165&#8230;<\/p>\n","protected":false},"author":5,"featured_media":4862,"comment_status":"closed","ping_status":"closed","sticky":false,"template":"","format":"standard","meta":{"inline_featured_image":false,"footnotes":""},"categories":[30],"tags":[],"class_list":{"0":"post-1505","1":"post","2":"type-post","3":"status-publish","4":"format-standard","5":"has-post-thumbnail","7":"category-liturgicke-komentare"},"_links":{"self":[{"href":"https:\/\/kbd.sk\/index.php\/wp-json\/wp\/v2\/posts\/1505","targetHints":{"allow":["GET"]}}],"collection":[{"href":"https:\/\/kbd.sk\/index.php\/wp-json\/wp\/v2\/posts"}],"about":[{"href":"https:\/\/kbd.sk\/index.php\/wp-json\/wp\/v2\/types\/post"}],"author":[{"embeddable":true,"href":"https:\/\/kbd.sk\/index.php\/wp-json\/wp\/v2\/users\/5"}],"replies":[{"embeddable":true,"href":"https:\/\/kbd.sk\/index.php\/wp-json\/wp\/v2\/comments?post=1505"}],"version-history":[{"count":1,"href":"https:\/\/kbd.sk\/index.php\/wp-json\/wp\/v2\/posts\/1505\/revisions"}],"predecessor-version":[{"id":4282,"href":"https:\/\/kbd.sk\/index.php\/wp-json\/wp\/v2\/posts\/1505\/revisions\/4282"}],"wp:featuredmedia":[{"embeddable":true,"href":"https:\/\/kbd.sk\/index.php\/wp-json\/wp\/v2\/media\/4862"}],"wp:attachment":[{"href":"https:\/\/kbd.sk\/index.php\/wp-json\/wp\/v2\/media?parent=1505"}],"wp:term":[{"taxonomy":"category","embeddable":true,"href":"https:\/\/kbd.sk\/index.php\/wp-json\/wp\/v2\/categories?post=1505"},{"taxonomy":"post_tag","embeddable":true,"href":"https:\/\/kbd.sk\/index.php\/wp-json\/wp\/v2\/tags?post=1505"}],"curies":[{"name":"wp","href":"https:\/\/api.w.org\/{rel}","templated":true}]}}