{"id":1494,"date":"2022-12-27T10:58:06","date_gmt":"2022-12-27T09:58:06","guid":{"rendered":"https:\/\/kbd.christ-net.sk\/?p=1494"},"modified":"2024-06-18T10:30:18","modified_gmt":"2024-06-18T08:30:18","slug":"komentar-k-nedeli-svatej-rodiny-jezisa-marie-a-jozefa","status":"publish","type":"post","link":"https:\/\/kbd.sk\/index.php\/liturgicke-komentare\/komentar-k-nedeli-svatej-rodiny-jezisa-marie-a-jozefa\/","title":{"rendered":"Koment\u00e1r k nedeli Sv\u00e4tej rodiny Je\u017ei\u0161a, M\u00e1rie a Jozefa"},"content":{"rendered":"<p style=\"text-align: justify;\">Mt 2, 13 \u2013 15; 19 \u2013 23.<\/p>\n<p style=\"text-align: justify;\">Niektor\u00e9 historick\u00e9 fakty z\u00a0\u00favodu Mat\u00fa\u0161ovho evanjelia s\u00fa evidentne hodnovern\u00e9: charakter Herodesa Ve\u013ek\u00e9ho, z\u00e1ujem \u017eidov o\u00a0astrol\u00f3giu, opis Egypta ako \u00fato\u010diska pre \u017eidov. No presn\u00e1 historickos\u0165 \u00fateku sv\u00e4tej rodiny do Egypta sa u\u017e zrejme nebude da\u0165 dok\u00e1za\u0165. Evanjelistovi v\u0161ak ide o\u00a0nie\u010do viac, ako o\u00a0hist\u00f3riu. Chce pouk\u00e1za\u0165 na s\u00favislos\u0165, \u017ee po\u010dn\u00fac Abrah\u00e1mom, Jakubom, Jozefom a\u017e po ve\u013ek\u00e9ho Moj\u017ei\u0161a, mnoh\u00e9 d\u00f4le\u017eit\u00e9 postavy Star\u00e9ho z\u00e1kona zost\u00fapili do Egypta. Tak n\u00e1m evanjelista Mat\u00fa\u0161 hne\u010f na za\u010diatku pon\u00faka k\u013e\u00fa\u010d na interpret\u00e1ciu svojho evanjelia: osobu a\u00a0poslanie Moj\u017ei\u0161a, ktor\u00fd zost\u00fapil do Egypta a\u00a0zost\u00fapi do\u0148 i najv\u00e4\u010d\u0161\u00ed prorok v\u0161etk\u00fdch \u010dias, s\u00e1m Je\u017ei\u0161.<\/p>\n<p style=\"text-align: justify;\">Pod\u013ea Mat\u00fa\u0161a bol Je\u017ei\u0161ov rodokme\u0148 hodne nekonven\u010dn\u00fd. To ist\u00e9 plat\u00ed aj o\u00a0rodokmeni Je\u017ei\u0161ovho pest\u00fana, po ktorom ho zdedil. A\u00a0Jozef sa skuto\u010dne zachov\u00e1 nekonven\u010dne. Aj ke\u010f mu pr\u00edchod Bo\u017eieho Syna riadne zamot\u00e1 \u017eivot, na ni\u010d sa nep\u00fdta, ni\u010domu sa nediv\u00ed. Poslu\u0161nos\u0165ou snom \u2013 podobne, ako jeho staroz\u00e1konn\u00fd menovec \u2013 zachra\u0148uje, spas\u00ed. Najprv zachr\u00e1ni svoje man\u017eelstvo s\u00a0M\u00e1riou a\u00a0potom i\u00a0Die\u0165a. Najtmav\u0161ia noc Jozefovho \u017eivota \u2013 ke\u010f bolo treba uteka\u0165 \u2013 sa st\u00e1va jeho hviezdnym d\u0148om. A\u00a0pritom zachr\u00e1ni iba jedno die\u0165a. No ako bol z\u00e1chranou mal\u00e9ho Moj\u017ei\u0161a zachr\u00e1nen\u00fd Izrael, tak bude z\u00e1chranou mal\u00e9ho Je\u017ei\u0161a zachr\u00e1nen\u00fd svet.<\/p>\n<p style=\"text-align: justify;\">Jozef v\u0161ak nijako nie je b\u00e1bkou pre pokyny zhora. Lebo pri n\u00e1vrate svojej rodiny prem\u00fd\u0161\u013ea ako sa vyhn\u00fa\u0165 najkrutej\u0161iemu Herodesovmu synovi. A\u017e po zv\u00e1\u017een\u00ed dost\u00e1va potvrdenie zhora, \u017ee miestom ich usadenia m\u00e1 by\u0165 Nazaret. Aby jemu zveren\u00fd Syn mohol by\u0165 dokonal\u00fdm nazirejcom i\u00a0v\u00fdhonkom (<i>n\u00e9cer<\/i>) z\u00a0dovtedy bezv\u00fdznamn\u00e9ho Nazareta. Takto a\u017e tri symboly v\u00a0jednom dosiahla v\u00a0jeho \u017eivote virtuozita Bo\u017eej Prozrete\u013enosti. T\u00e1, ktor\u00e1 miluje pou\u017ei\u0165 na svoje ve\u013ek\u00e9 pl\u00e1ny to, \u010do je napoh\u013ead bezv\u00fdznamn\u00e9.<\/p>\n<p style=\"text-align: justify;\">I s\u00a0nami m\u00e1 Boh ve\u013ek\u00fd pl\u00e1n. Ve\u010f ko\u013ek\u00ed spolupracovali a\u00a0st\u00e1le spolupracuj\u00fa s\u00a0Otcov\u00fdm pl\u00e1nom na na\u0161ej z\u00e1chrane. A ke\u010f aj my zachr\u00e1nime jedno die\u0165a, jedn\u00e9ho mlad\u00e9ho \u010dloveka, chor\u00e9ho \u010di smutn\u00e9ho alebo seniora, prinajmenej zachr\u00e1nime dvoch: bl\u00ed\u017eneho a\u00a0svoju sp\u00e1su. A ke\u010f\u017ee n\u00e1\u0161 Boh m\u00e1 ve\u013ek\u00fa z\u00e1\u013eubu v\u00a0tme viery, celkom isto aj tie na\u0161e najtmav\u0161ie okamihy sa v\u010faka jeho vedeniu stan\u00fa hviezdnymi.<\/p>\n<p style=\"text-align: justify;\">sestra Dagmar Kr\u00e1\u013eov\u00e1<\/p>\n","protected":false},"excerpt":{"rendered":"<p>Mt 2, 13 \u2013 15; 19 \u2013 23. Niektor\u00e9 historick\u00e9 fakty z\u00a0\u00favodu Mat\u00fa\u0161ovho evanjelia s\u00fa evidentne hodnovern\u00e9: charakter Herodesa Ve\u013ek\u00e9ho, z\u00e1ujem \u017eidov o\u00a0astrol\u00f3giu, opis Egypta ako \u00fato\u010diska pre \u017eidov. No&#8230;<\/p>\n","protected":false},"author":5,"featured_media":1497,"comment_status":"closed","ping_status":"closed","sticky":false,"template":"","format":"standard","meta":{"inline_featured_image":false,"footnotes":""},"categories":[30],"tags":[],"class_list":{"0":"post-1494","1":"post","2":"type-post","3":"status-publish","4":"format-standard","5":"has-post-thumbnail","7":"category-liturgicke-komentare"},"_links":{"self":[{"href":"https:\/\/kbd.sk\/index.php\/wp-json\/wp\/v2\/posts\/1494","targetHints":{"allow":["GET"]}}],"collection":[{"href":"https:\/\/kbd.sk\/index.php\/wp-json\/wp\/v2\/posts"}],"about":[{"href":"https:\/\/kbd.sk\/index.php\/wp-json\/wp\/v2\/types\/post"}],"author":[{"embeddable":true,"href":"https:\/\/kbd.sk\/index.php\/wp-json\/wp\/v2\/users\/5"}],"replies":[{"embeddable":true,"href":"https:\/\/kbd.sk\/index.php\/wp-json\/wp\/v2\/comments?post=1494"}],"version-history":[{"count":1,"href":"https:\/\/kbd.sk\/index.php\/wp-json\/wp\/v2\/posts\/1494\/revisions"}],"predecessor-version":[{"id":4279,"href":"https:\/\/kbd.sk\/index.php\/wp-json\/wp\/v2\/posts\/1494\/revisions\/4279"}],"wp:featuredmedia":[{"embeddable":true,"href":"https:\/\/kbd.sk\/index.php\/wp-json\/wp\/v2\/media\/1497"}],"wp:attachment":[{"href":"https:\/\/kbd.sk\/index.php\/wp-json\/wp\/v2\/media?parent=1494"}],"wp:term":[{"taxonomy":"category","embeddable":true,"href":"https:\/\/kbd.sk\/index.php\/wp-json\/wp\/v2\/categories?post=1494"},{"taxonomy":"post_tag","embeddable":true,"href":"https:\/\/kbd.sk\/index.php\/wp-json\/wp\/v2\/tags?post=1494"}],"curies":[{"name":"wp","href":"https:\/\/api.w.org\/{rel}","templated":true}]}}