{"id":1490,"date":"2022-12-29T10:52:47","date_gmt":"2022-12-29T09:52:47","guid":{"rendered":"https:\/\/kbd.christ-net.sk\/?p=1490"},"modified":"2024-06-18T10:30:18","modified_gmt":"2024-06-18T08:30:18","slug":"komentar-k-sviatku-panny-maria-bohorodicky-novy-rok","status":"publish","type":"post","link":"https:\/\/kbd.sk\/index.php\/liturgicke-komentare\/komentar-k-sviatku-panny-maria-bohorodicky-novy-rok\/","title":{"rendered":"Koment\u00e1r k sviatku Panny M\u00e1rie Bohorodi\u010dky &#8211; Nov\u00fd rok"},"content":{"rendered":"<p style=\"text-align: justify;\">Lk 2, 16 \u2013 21<\/p>\n<p style=\"text-align: justify;\">Na viano\u010dn\u00fdch pastierov sme si u\u017e zvykli. Uva\u017eujeme o\u00a0ich chudobe, jednoduchosti a\u00a0privilegovanosti pri stretnut\u00ed s\u00a0bo\u017esk\u00fdm Die\u0165a\u0165om. No evanjelistovi Luk\u00e1\u0161ovi i\u0161lo o\u00a0viac, ako predstavi\u0165 pastiersku pokoru. Ich pr\u00edtomnos\u0165ou pri jasliach chcel pouk\u00e1za\u0165 na to, \u017ee pr\u00e1ve na tomto Die\u0165ati sa splnili pr\u00eds\u013euby dan\u00e9 u\u017e D\u00e1vidovi, \u017ee sa narodilo nielen v\u00a0jeho rodisku, ale je aj potomkom tohto pastierskeho kr\u00e1\u013ea. A\u00a0pastierskych patriarchov.<\/p>\n<p style=\"text-align: justify;\">Pre\u010do je identita pastiera tak silno pr\u00edtomn\u00e1 v\u00a0\u017eidovstve, kres\u0165anstve a\u00a0napokon aj v\u00a0zasv\u00e4tenom \u017eivote!? Zrejme to nebude n\u00e1lepka z trad\u00edcie&#8230;<\/p>\n<p style=\"text-align: justify;\">Pastier, okrem v\u0161etk\u00fdch u\u017e uveden\u00fdch prednost\u00ed, m\u00e1 jednu prioritn\u00fa. Nijako nie je narcista. Je zameran\u00fd na nie\u010do mimo seba, dvadsa\u0165\u0161tyri hod\u00edn mysl\u00ed na \u017eiv\u00e9 stvorenia \u2013 svoje ovce (aj t\u00ed z evanjelia pr\u00e1ve bdeli pri svojich st\u00e1dach). Star\u00e1 sa o\u00a0ich potravu, vodu, bezpe\u010dnos\u0165, potrebu bl\u00edzkosti&#8230; Nie je nad st\u00e1dom, ale rovno v\u00a0st\u00e1de. Skr\u00e1tka pastier sa v\u010faka svojej starostlivosti neust\u00e1le vys\u0165ah\u00fava zo svojho egoizmu, je \u201ebezkarierov\u00fd\u201c. A\u00a0to m\u00f4\u017ee by\u0165 odrazov\u00fdm most\u00edkom aj pre n\u00e1s.<\/p>\n<p style=\"text-align: justify;\">Kam sa zarad\u00edme? K\u00a0\u010dipern\u00fdm, zvedav\u00fdm, \u017easn\u00facim, nekonven\u010dn\u00fdm pastierom, ktor\u00fdch centrom s\u00fa tie najoby\u010dajnej\u0161ie ovce a\u00a0nie vlastn\u00e9\u00a0<i>ja<\/i>? Nevieme \u010di viano\u010dn\u00ed pastieri mali po jednej ovci \u010di obrovsk\u00e9 st\u00e1da. Nez\u00e1le\u017e\u00ed \u010di sa star\u00e1me o\u00a0jedn\u00e9ho \u010dloveka alebo cel\u00fa farnos\u0165, d\u00f4le\u017eit\u00e9 je \u00eds\u0165 von, stara\u0165 sa. Lebo len mimo n\u00e1\u0161ho egoizmu sa n\u00e1m podar\u00ed by\u0165 otvoren\u00fdmi: Zapo\u010du\u0165 nielen hlas anjelov, ale i\u00a0ten Bo\u017e\u00ed. Posl\u00fachnu\u0165, vykro\u010di\u0165, n\u00e1js\u0165, uveri\u0165. Pr\u00ed\u0165a\u017elivo a\u00a0presved\u010divo sved\u010di\u0165 o\u00a0na\u0161om, v\u00a0o\u010diach sveta malom, \u010dasto po\u0161liapavanom a \u201ebezmocnom\u201c Bohu. Evanjelizova\u0165 o\u00a0\u0148om tak\u00a0prosto, i koktaj\u00fac. A\u00a0potom sa vr\u00e1ti\u0165 na svoje miesto akoby ni\u010d, osta\u0165 mali\u010dk\u00fdmi. Te\u0161i\u0165 sa z\u00a0najmen\u0161\u00edch vec\u00ed a v\u00a0kontemplat\u00edvnom \u201eko\u0161iari\u201c oslavova\u0165 a\u00a0chv\u00e1li\u0165 Najvy\u0161\u0161ieho. M\u00e1me na to cel\u00fd Bo\u017e\u00ed rok.<\/p>\n<p style=\"text-align: justify;\">sestra Dagmar Kr\u00e1\u013eov\u00e1,\u00a0FMA<\/p>\n","protected":false},"excerpt":{"rendered":"<p>Lk 2, 16 \u2013 21 Na viano\u010dn\u00fdch pastierov sme si u\u017e zvykli. Uva\u017eujeme o\u00a0ich chudobe, jednoduchosti a\u00a0privilegovanosti pri stretnut\u00ed s\u00a0bo\u017esk\u00fdm Die\u0165a\u0165om. No evanjelistovi Luk\u00e1\u0161ovi i\u0161lo o\u00a0viac, ako predstavi\u0165 pastiersku pokoru&#8230;.<\/p>\n","protected":false},"author":5,"featured_media":1492,"comment_status":"closed","ping_status":"closed","sticky":false,"template":"","format":"standard","meta":{"inline_featured_image":false,"footnotes":""},"categories":[30],"tags":[],"class_list":{"0":"post-1490","1":"post","2":"type-post","3":"status-publish","4":"format-standard","5":"has-post-thumbnail","7":"category-liturgicke-komentare"},"_links":{"self":[{"href":"https:\/\/kbd.sk\/index.php\/wp-json\/wp\/v2\/posts\/1490","targetHints":{"allow":["GET"]}}],"collection":[{"href":"https:\/\/kbd.sk\/index.php\/wp-json\/wp\/v2\/posts"}],"about":[{"href":"https:\/\/kbd.sk\/index.php\/wp-json\/wp\/v2\/types\/post"}],"author":[{"embeddable":true,"href":"https:\/\/kbd.sk\/index.php\/wp-json\/wp\/v2\/users\/5"}],"replies":[{"embeddable":true,"href":"https:\/\/kbd.sk\/index.php\/wp-json\/wp\/v2\/comments?post=1490"}],"version-history":[{"count":1,"href":"https:\/\/kbd.sk\/index.php\/wp-json\/wp\/v2\/posts\/1490\/revisions"}],"predecessor-version":[{"id":4278,"href":"https:\/\/kbd.sk\/index.php\/wp-json\/wp\/v2\/posts\/1490\/revisions\/4278"}],"wp:featuredmedia":[{"embeddable":true,"href":"https:\/\/kbd.sk\/index.php\/wp-json\/wp\/v2\/media\/1492"}],"wp:attachment":[{"href":"https:\/\/kbd.sk\/index.php\/wp-json\/wp\/v2\/media?parent=1490"}],"wp:term":[{"taxonomy":"category","embeddable":true,"href":"https:\/\/kbd.sk\/index.php\/wp-json\/wp\/v2\/categories?post=1490"},{"taxonomy":"post_tag","embeddable":true,"href":"https:\/\/kbd.sk\/index.php\/wp-json\/wp\/v2\/tags?post=1490"}],"curies":[{"name":"wp","href":"https:\/\/api.w.org\/{rel}","templated":true}]}}